{"id":35435,"date":"2021-02-01T12:16:59","date_gmt":"2021-02-01T15:16:59","guid":{"rendered":"https:\/\/www.radioamigavallenar.cl\/?p=35435"},"modified":"2021-02-01T12:16:59","modified_gmt":"2021-02-01T15:16:59","slug":"ministro-rodrigo-cerda-nuestra-principal-preocupacion-es-la-creacion-de-empleos","status":"publish","type":"post","link":"https:\/\/www.radioamigavallenar.cl\/?p=35435","title":{"rendered":"Ministro Rodrigo Cerda: \u00abNuestra principal preocupaci\u00f3n es la creaci\u00f3n de empleos\u00bb"},"content":{"rendered":"<p>El nuevo titular de Hacienda manifest\u00f3 que tratar\u00e1n de levantar la econom\u00eda y \u00abapurar las inversiones p\u00fablicas\u00bb, con el fin de generar trabajos formales.<\/p>\n<p>La autoridad de Gobierno, adem\u00e1s, se\u00f1al\u00f3 que tienen \u00abfondos de emergencia\u00bb para ir en ayuda de las personas afectadas por el sistema frontal.<\/p>\n<p>El nuevo ministro de Hacienda,\u00a0<strong>Rodrigo Cerda<\/strong>,\u00a0se refiri\u00f3 a los\u00a0<strong>desaf\u00edos que enfrenta al pa\u00eds frente al desarrollo de la pandemia durante el 2021.<\/strong><\/p>\n<p>La autoridad de Gobierno se\u00f1al\u00f3 que su principal objetivo y preocupaci\u00f3n\u00a0<strong>es recuperar los empleos formales, adem\u00e1s de tratar de levantar la econom\u00eda.\u00a0<\/strong><\/p>\n<p>\u00abUna de las cosas que uno quisiera hacer es tratar de que<strong>\u00a0la econom\u00eda vuelva a andar y con eso podamos recuperar puestos de trabajo<\/strong>\u00a0-explic\u00f3-\u00a0<strong>Lo que tenemos que entener es que este es un proceso que puede tomar tiempo<\/strong>\u00ab.<\/p>\n<p>\u00abEn ese sentido lo que tambi\u00e9n hemos tratado de hacer es generar una red de protecci\u00f3n social&#8230;\u00a0<strong>Esa red de protecci\u00f3n social va a seguir operando y va a seguir ayudando a las familias chilenas mientras sea necesario<\/strong>\u00ab, se\u00f1al\u00f3 el titular de Hacienda.<\/p>\n<p>La nueva autoridad de\u00a0<strong>Gobierno<\/strong>\u00a0manifest\u00f3 que \u00abpara la segunda parte del a\u00f1o esperamos que la econom\u00eda agarre m\u00e1s vuelo\u00bb, enfatizando que, para poder ir en ayuda de las familias afectadas por la pandemia \u00ab<strong>tenemos que seguir ocupando esta red protecci\u00f3n social y as\u00ed lo haremos<\/strong>\u00ab.<\/p>\n<p>\u00ab<strong>La principal preocupaci\u00f3n es la creaci\u00f3n de empleos<\/strong>, ojal\u00e1 formales, de buena calidad y que les d\u00e9 tranquilidad a las personas\u00bb, se\u00f1al\u00f3 Cerda, agregando que adem\u00e1s busca \u00ab<strong>apurar las inversiones p\u00fablicas<\/strong>\u00ab.<\/p>\n<p>Con respecto\u00a0<strong>al intenso sistema frontal que afect\u00f3 al pa\u00eds durante la semana<\/strong>, el ministro de Hacienda se\u00f1al\u00f3 que \u00ab<strong>hay fondos de emergencia disponibles<\/strong>\u00a0(&#8230;) que nos permiten, en el cort\u00edsimo plazo,\u00a0<strong>ir en ayuda de las personas necesitadas<\/strong>\u00ab.<\/p>\n","protected":false},"excerpt":{"rendered":"<p>El nuevo titular de Hacienda manifest\u00f3 que tratar\u00e1n de levantar la econom\u00eda y \u00abapurar las inversiones p\u00fablicas\u00bb, con el fin de generar trabajos formales. La&hellip; <\/p>\n","protected":false},"author":2,"featured_media":35436,"comment_status":"open","ping_status":"closed","sticky":false,"template":"","format":"standard","meta":{"footnotes":""},"categories":[37],"tags":[],"class_list":["post-35435","post","type-post","status-publish","format-standard","has-post-thumbnail","hentry","category-nacional"],"_links":{"self":[{"href":"https:\/\/www.radioamigavallenar.cl\/index.php?rest_route=\/wp\/v2\/posts\/35435","targetHints":{"allow":["GET"]}}],"collection":[{"href":"https:\/\/www.radioamigavallenar.cl\/index.php?rest_route=\/wp\/v2\/posts"}],"about":[{"href":"https:\/\/www.radioamigavallenar.cl\/index.php?rest_route=\/wp\/v2\/types\/post"}],"author":[{"embeddable":true,"href":"https:\/\/www.radioamigavallenar.cl\/index.php?rest_route=\/wp\/v2\/users\/2"}],"replies":[{"embeddable":true,"href":"https:\/\/www.radioamigavallenar.cl\/index.php?rest_route=%2Fwp%2Fv2%2Fcomments&post=35435"}],"version-history":[{"count":1,"href":"https:\/\/www.radioamigavallenar.cl\/index.php?rest_route=\/wp\/v2\/posts\/35435\/revisions"}],"predecessor-version":[{"id":35437,"href":"https:\/\/www.radioamigavallenar.cl\/index.php?rest_route=\/wp\/v2\/posts\/35435\/revisions\/35437"}],"wp:featuredmedia":[{"embeddable":true,"href":"https:\/\/www.radioamigavallenar.cl\/index.php?rest_route=\/wp\/v2\/media\/35436"}],"wp:attachment":[{"href":"https:\/\/www.radioamigavallenar.cl\/index.php?rest_route=%2Fwp%2Fv2%2Fmedia&parent=35435"}],"wp:term":[{"taxonomy":"category","embeddable":true,"href":"https:\/\/www.radioamigavallenar.cl\/index.php?rest_route=%2Fwp%2Fv2%2Fcategories&post=35435"},{"taxonomy":"post_tag","embeddable":true,"href":"https:\/\/www.radioamigavallenar.cl\/index.php?rest_route=%2Fwp%2Fv2%2Ftags&post=35435"}],"curies":[{"name":"wp","href":"https:\/\/api.w.org\/{rel}","templated":true}]}}