{"id":35432,"date":"2021-02-01T12:13:02","date_gmt":"2021-02-01T15:13:02","guid":{"rendered":"https:\/\/www.radioamigavallenar.cl\/?p=35432"},"modified":"2021-02-01T12:13:02","modified_gmt":"2021-02-01T15:13:02","slug":"gobierno-extiende-vigencia-de-cedulas-de-identidad-de-chilenos-vencidas-en-2020-y-2021","status":"publish","type":"post","link":"https:\/\/www.radioamigavallenar.cl\/?p=35432","title":{"rendered":"Gobierno extiende vigencia de c\u00e9dulas de identidad de chilenos vencidas en 2020 y 2021"},"content":{"rendered":"<p>La vigencia de las c\u00e9dulas vencidas en 2020 y 2021 se extiende\u00a0<strong>hasta el 31 de diciembre de este a\u00f1o<\/strong>, luego que la Contralor\u00eda tomara raz\u00f3n de un decreto enviado por el Ministerio de Justicia y Derechos Humanos.<\/p>\n<p>La pr\u00f3rroga en la extensi\u00f3n de las c\u00e9dulas rige\u00a0<strong>exclusivamente en territorio nacional<\/strong>\u00a0y no tiene validez en el exterior. As\u00edmismo, prontamente se har\u00e1 extensiva a ciudadanos extranjeros.<\/p>\n<p>El objetivo es hacer frente a la pandemia del covid-19 al\u00a0<strong>evitar que las personas acudan masivamente<\/strong>\u00a0a las oficinas del Registro Civil a renovar su carnet.<\/p>\n<p>La medida, que comenzar\u00e1 a regir una vez que el decreto se publique en el Diario Oficial, beneficiar\u00e1 a m\u00e1s de 2.1 millones de personas que tienen su carnet caducado.<\/p>\n<p>Sobre el anuncio, el Ministro de la cartera, Hern\u00e1n Larra\u00edn, se\u00f1al\u00f3 que \u201chacemos un llamado a las personas que tienen su carnet vencido, a no acudir a las oficinas del Registro Civil a realizar el tr\u00e1mite de renovaci\u00f3n, a no ser que sea estrictamente necesario\u201d.<\/p>\n<p>\u201cHoy, el 25% de los tr\u00e1mites que est\u00e1n requiriendo las personas en las oficinas corresponden a las renovaciones de carnet, por lo cual esta medida\u00a0<strong>deber\u00eda reducir considerablemente los flujos de personas<\/strong>\u00a0transitando o haciendo filas\u201d\u201d, agreg\u00f3.<\/p>\n","protected":false},"excerpt":{"rendered":"<p>La vigencia de las c\u00e9dulas vencidas en 2020 y 2021 se extiende\u00a0hasta el 31 de diciembre de este a\u00f1o, luego que la Contralor\u00eda tomara raz\u00f3n&hellip; <\/p>\n","protected":false},"author":2,"featured_media":35433,"comment_status":"open","ping_status":"closed","sticky":false,"template":"","format":"standard","meta":{"footnotes":""},"categories":[37],"tags":[],"class_list":["post-35432","post","type-post","status-publish","format-standard","has-post-thumbnail","hentry","category-nacional"],"_links":{"self":[{"href":"https:\/\/www.radioamigavallenar.cl\/index.php?rest_route=\/wp\/v2\/posts\/35432","targetHints":{"allow":["GET"]}}],"collection":[{"href":"https:\/\/www.radioamigavallenar.cl\/index.php?rest_route=\/wp\/v2\/posts"}],"about":[{"href":"https:\/\/www.radioamigavallenar.cl\/index.php?rest_route=\/wp\/v2\/types\/post"}],"author":[{"embeddable":true,"href":"https:\/\/www.radioamigavallenar.cl\/index.php?rest_route=\/wp\/v2\/users\/2"}],"replies":[{"embeddable":true,"href":"https:\/\/www.radioamigavallenar.cl\/index.php?rest_route=%2Fwp%2Fv2%2Fcomments&post=35432"}],"version-history":[{"count":1,"href":"https:\/\/www.radioamigavallenar.cl\/index.php?rest_route=\/wp\/v2\/posts\/35432\/revisions"}],"predecessor-version":[{"id":35434,"href":"https:\/\/www.radioamigavallenar.cl\/index.php?rest_route=\/wp\/v2\/posts\/35432\/revisions\/35434"}],"wp:featuredmedia":[{"embeddable":true,"href":"https:\/\/www.radioamigavallenar.cl\/index.php?rest_route=\/wp\/v2\/media\/35433"}],"wp:attachment":[{"href":"https:\/\/www.radioamigavallenar.cl\/index.php?rest_route=%2Fwp%2Fv2%2Fmedia&parent=35432"}],"wp:term":[{"taxonomy":"category","embeddable":true,"href":"https:\/\/www.radioamigavallenar.cl\/index.php?rest_route=%2Fwp%2Fv2%2Fcategories&post=35432"},{"taxonomy":"post_tag","embeddable":true,"href":"https:\/\/www.radioamigavallenar.cl\/index.php?rest_route=%2Fwp%2Fv2%2Ftags&post=35432"}],"curies":[{"name":"wp","href":"https:\/\/api.w.org\/{rel}","templated":true}]}}