{"id":35430,"date":"2021-02-01T11:00:07","date_gmt":"2021-02-01T14:00:07","guid":{"rendered":"https:\/\/www.radioamigavallenar.cl\/?p=35430"},"modified":"2021-02-01T11:17:28","modified_gmt":"2021-02-01T14:17:28","slug":"diputada-cicardini-impulsa-proyecto-que-impone-altas-multas-y-penas-de-carcel-para-afectacion-y-robo-de-agua","status":"publish","type":"post","link":"https:\/\/www.radioamigavallenar.cl\/?p=35430","title":{"rendered":"Diputada Cicardini impulsa proyecto que impone altas multas y penas de c\u00e1rcel para afectaci\u00f3n y robo de agua"},"content":{"rendered":"<p>Modificar el C\u00f3digo Penal para crear y castigar el delito de afectaci\u00f3n del agua, estableciendo multas y sanciones m\u00e1ximas de hasta 500 millones de pesos y presidio perpetuo para los casos m\u00e1s graves y reincidentes, forman parte del contenido de un proyecto de ley impulsado por la diputada (PS) por Atacama Daniella Cicardini en conjunto con varios parlamentarios.<\/p>\n<p>La iniciativa busca hacerse cargo de la realidad del cambio clim\u00e1tico y la grave sequ\u00eda que afecta a extensas zonas de nuestro pa\u00eds, como es el caso de Atacama, sancionando a quienes \u201cafecten, contaminen, da\u00f1en, desv\u00eden, derrochen, usurpen, ocupen o se apropien de aguas\u201d, tanto superficiales o subterr\u00e1neas, particularmente cuando este delito ocasione da\u00f1os en el medio ambiente o ponga en riesgo la salud de la poblaci\u00f3n.<\/p>\n<p>Al respecto la parlamentaria, una de las coautoras de la iniciativa junto a la diputada Cristina Girardi (PPD), subray\u00f3 que \u201ceste proyecto que estamos ingresando, junto a un grupo transversal de parlamentarios, tiene que ver con dar una se\u00f1al potente, especialmente a los m\u00e1s poderosos, y \u00a0decirles basta de seguir robando, afectando y aprovech\u00e1ndose del agua que es de todas y todos\u201d.<\/p>\n<p>\u201cHemos visto como a lo largo del pa\u00eds y tambi\u00e9n en Atacama, se repiten denuncias por afectaci\u00f3n, intervenci\u00f3n o robo de agua, y\u00a0 muchas veces no involucran a cualquier hijo de vecino o a un simple ciudadano de a pie, sino a empresarios poderosos, que en algunos casos se ha comprobado como intervienen caudales o desv\u00edan el agua, y prefieren pagar las multas y sanciones irrisorias que tenemos hoy en d\u00eda pero seguir alimentando sus negocios\u201d.<\/p>\n<p>\u201cEso hoy m\u00e1s que nunca, es inaceptable y una burla para los chilenos y chilenas, y eso es lo que queremos impedir y cambiar\u201d, enfatiz\u00f3 Cicardini.<\/p>\n<p>En esa l\u00ednea, la parlamentaria se\u00f1al\u00f3 que \u201cest\u00e1 muy bien indignarse, condenar y sancionar a personas que extraen agua de un humedal, como vimos hace poco en Caldera, o las denuncias de casas que contaminan las aguas de nuestros r\u00edos; pero eso no es comparable con la depredaci\u00f3n de las grandes empresas y el robo del agua de los poderosos, que no contentos con el negocio de los derechos de agua, m\u00e1s encima tambi\u00e9n se burlan de la gente interviniendo y robando un recurso que es un tesoro de todos\u201d, subray\u00f3 la diputada.<\/p>\n<p>En relaci\u00f3n al contenido de la iniciativa, la legisladora detall\u00f3 que el proyecto establece multas de entre 25 y 250 millones de pesos y penas de 5 a 15 a\u00f1os de c\u00e1rcel para la afectaci\u00f3n de aguas; en tanto que impone sanciones de 38 a 380 millones de pesos y penas que van de los 10 a 20 a\u00f1os de c\u00e1rcel para aquellos casos en que dicha afectaci\u00f3n involucre un riesgo para la salud de las personas y da\u00f1os al medioambiente.<\/p>\n<p>Las sanciones aumentan a entre 15 y 20 a\u00f1os de presidio para situaciones con riesgo de afectaci\u00f3n grave en salud y medioambiente, elev\u00e1ndose adem\u00e1s las multas a entre 46 y 433 millones. Finalmente, el texto del proyecto reserva los castigos m\u00e1s severos para los casos de reincidencia en los delitos de afectaci\u00f3n de las aguas, para lo cual se fijan multas entre los 50 y 500 millones de pesos, y la pena de presidio perpetuo.<\/p>\n<p>Adem\u00e1s de la diputada por Atacama, el proyecto cuenta como una de sus principales impulsoras a la diputada Crsitina Girardi, (PPD), y con la firma transversal de los diputados Diego Ib\u00e1\u00f1ez (CS), Sebasti\u00e1n \u00c1lvarez (EVOP), Daniel N\u00fa\u00f1ez (PC), Carolina Marz\u00e1n (PPD), Jos\u00e9 Miguel Castro (RN) y Ren\u00e9 Saffirio (IND).<\/p>\n","protected":false},"excerpt":{"rendered":"<p>Modificar el C\u00f3digo Penal para crear y castigar el delito de afectaci\u00f3n del agua, estableciendo multas y sanciones m\u00e1ximas de hasta 500 millones de pesos&hellip; <\/p>\n","protected":false},"author":2,"featured_media":29672,"comment_status":"open","ping_status":"closed","sticky":false,"template":"","format":"standard","meta":{"footnotes":""},"categories":[38],"tags":[],"class_list":["post-35430","post","type-post","status-publish","format-standard","has-post-thumbnail","hentry","category-portada-regional"],"_links":{"self":[{"href":"https:\/\/www.radioamigavallenar.cl\/index.php?rest_route=\/wp\/v2\/posts\/35430","targetHints":{"allow":["GET"]}}],"collection":[{"href":"https:\/\/www.radioamigavallenar.cl\/index.php?rest_route=\/wp\/v2\/posts"}],"about":[{"href":"https:\/\/www.radioamigavallenar.cl\/index.php?rest_route=\/wp\/v2\/types\/post"}],"author":[{"embeddable":true,"href":"https:\/\/www.radioamigavallenar.cl\/index.php?rest_route=\/wp\/v2\/users\/2"}],"replies":[{"embeddable":true,"href":"https:\/\/www.radioamigavallenar.cl\/index.php?rest_route=%2Fwp%2Fv2%2Fcomments&post=35430"}],"version-history":[{"count":1,"href":"https:\/\/www.radioamigavallenar.cl\/index.php?rest_route=\/wp\/v2\/posts\/35430\/revisions"}],"predecessor-version":[{"id":35431,"href":"https:\/\/www.radioamigavallenar.cl\/index.php?rest_route=\/wp\/v2\/posts\/35430\/revisions\/35431"}],"wp:featuredmedia":[{"embeddable":true,"href":"https:\/\/www.radioamigavallenar.cl\/index.php?rest_route=\/wp\/v2\/media\/29672"}],"wp:attachment":[{"href":"https:\/\/www.radioamigavallenar.cl\/index.php?rest_route=%2Fwp%2Fv2%2Fmedia&parent=35430"}],"wp:term":[{"taxonomy":"category","embeddable":true,"href":"https:\/\/www.radioamigavallenar.cl\/index.php?rest_route=%2Fwp%2Fv2%2Fcategories&post=35430"},{"taxonomy":"post_tag","embeddable":true,"href":"https:\/\/www.radioamigavallenar.cl\/index.php?rest_route=%2Fwp%2Fv2%2Ftags&post=35430"}],"curies":[{"name":"wp","href":"https:\/\/api.w.org\/{rel}","templated":true}]}}