{"id":35427,"date":"2021-02-01T11:00:09","date_gmt":"2021-02-01T14:00:09","guid":{"rendered":"https:\/\/www.radioamigavallenar.cl\/?p=35427"},"modified":"2021-02-01T11:13:53","modified_gmt":"2021-02-01T14:13:53","slug":"exitosos-seminarios-sercotec-cerraran-con-taller-de-ventas-con-impacto","status":"publish","type":"post","link":"https:\/\/www.radioamigavallenar.cl\/?p=35427","title":{"rendered":"Exitosos seminarios Sercotec cerrar\u00e1n con \u201cTaller de Ventas con Impacto\u201d"},"content":{"rendered":"<p><strong>Eventos virtuales sobre emprendimientos son totalmente gratuitos. \u00daltimas sesiones se realizar\u00e1n este 2 y 3 de febrero.<\/strong><span id=\"more-236154\"><\/span><\/p>\n<p>El \u201cTaller de Ventas con Impacto\u201d, a cargo del experto Jorge Bizama, dar\u00e1 el punto final al exitoso Ciclo de Seminarios sobre Emprendimientos desarrollado por Sercotec Atacama.<\/p>\n<p>Esta \u00faltima charla interactiva y gratuita se dividir\u00e1 en dos jornadas: martes 2 de febrero de 18 a 19:30 horas, y el mi\u00e9rcoles 3 de febrero en el mismo horario, con el objetivo de entregar conocimientos en torno a lo que significa\u00a0 vender, qu\u00e9 es un perfil vendedor, el modelo y origen de las ventas, adem\u00e1s de datos y estudios claves del tema.<\/p>\n<p>De acuerdo a la Directora de Sercotec Atacama, Natalia Bravo Bassi, este tercer seminario\/taller contar\u00e1 con un relator experto como Bizama, actualmente Director Regional fiiS Biob\u00edo, y miembro del Directorio y Asesor Engrana, quien est\u00e1 vinculado a \u00e1reas de emprendimiento e innovaci\u00f3n, permiti\u00e9ndole dirigir uno de los primeros proyectos ligados a este sector en Biob\u00edo. Adem\u00e1s, en la actualidad tambi\u00e9n aborda tem\u00e1ticas de estrategias y ventas, buscando sostenibilidad de triple impacto en emprendedores y pymes.<\/p>\n<p>Al igual que los dos seminarios anteriores, toda la informaci\u00f3n relativa al taller puede encontrarse en las redes sociales de Sercotec Atacama, como tambi\u00e9n en las distintas plataformas de Revista Letra Brava. En tanto el link de inscripci\u00f3n corresponde\u00a0 a \u00a0<a href=\"https:\/\/us02web.zoom.us\/j\/83512930776\" data-saferedirecturl=\"https:\/\/www.google.com\/url?q=https:\/\/us02web.zoom.us\/j\/83512930776&amp;source=gmail&amp;ust=1612272939708000&amp;usg=AFQjCNEMh0sPVcU05xaoxUaYXXCQLe5JSg\">https:\/\/us02web.zoom.us\/j\/83512930776<\/a><\/p>\n<p>&nbsp;<\/p>\n<p style=\"text-align: center;\"><strong>ECONOM\u00cdA CIRCULAR Y EMPRENDIMIENTOS CON PROP\u00d3SITO<\/strong><\/p>\n<p>Respecto al segundo Seminario del Ciclo Sercotec, la instancia virtual reuni\u00f3 a m\u00e1s de 80 emprendedores y emprendedoras de la regi\u00f3n, quienes conocieron las tem\u00e1ticas referentes a la \u201cEconom\u00eda Circular y los Emprendimientos con Prop\u00f3sito\u201d.<\/p>\n<p>La amplia convocatoria busc\u00f3 promover la creaci\u00f3n de negocios con triple impacto en el territorio,\u00a0 a trav\u00e9s de los expositores Mar\u00eda Emilia Correa, Co fundadora de Sistema B; y Michel Compagnon, Gerente General de Comberplast.<\/p>\n<p>\u201cHoy enfrentamos nuevos desaf\u00edos para la sociedad y la naturaleza, y es necesario pensar distinto. Hay nuevas tendencias, emprendedores que quieren ser actores en la soluci\u00f3n de los problemas de la sociedad y la naturaleza a trav\u00e9s de las operaciones de sus empresas. La invitaci\u00f3n es a conectarse con la naturaleza local, crear negocios con rentabilidad e impacto, que genere vida para las personas y la naturaleza, que tengan una base regenerativa y con ello ayuden a sanar el planeta\u201d, relat\u00f3 Correa.<\/p>\n<p>En tanto, Compagnon explic\u00f3 que \u201clas empresas que realmente surgen tienen un prop\u00f3sito inspirador.\u00a0 Mi consejo es que se enfoquen en el problema no en la soluci\u00f3n; enam\u00f3rate del problema. Tambi\u00e9n es importante no perder de vista que la econom\u00eda circular es colaborativa y en ning\u00fan caso se trata de hacer filantrop\u00eda medioambiental, sino de hacer negocios, pero con impacto positivo en las comunidades, en el medioambiente\u201d<\/p>\n<p>Por \u00faltimo, la Directora de Sercotec Atacama, a\u00f1adi\u00f3 que \u201cestos temas son los que queremos incentivar y hemos tenido el privilegio de contar con dos tremendos expositores que, a trav\u00e9s de sus historias y una destacada experiencia en sostenibilidad y esta nueva forma de hacer negocios, han entregado claves, consejos y mensajes que estamos seguros han hecho eco en nuestros emprendedores y emprendedoras\u201d.<\/p>\n","protected":false},"excerpt":{"rendered":"<p>Eventos virtuales sobre emprendimientos son totalmente gratuitos. \u00daltimas sesiones se realizar\u00e1n este 2 y 3 de febrero. El \u201cTaller de Ventas con Impacto\u201d, a cargo&hellip; <\/p>\n","protected":false},"author":2,"featured_media":35428,"comment_status":"open","ping_status":"closed","sticky":false,"template":"","format":"standard","meta":{"footnotes":""},"categories":[38],"tags":[],"class_list":["post-35427","post","type-post","status-publish","format-standard","has-post-thumbnail","hentry","category-portada-regional"],"_links":{"self":[{"href":"https:\/\/www.radioamigavallenar.cl\/index.php?rest_route=\/wp\/v2\/posts\/35427","targetHints":{"allow":["GET"]}}],"collection":[{"href":"https:\/\/www.radioamigavallenar.cl\/index.php?rest_route=\/wp\/v2\/posts"}],"about":[{"href":"https:\/\/www.radioamigavallenar.cl\/index.php?rest_route=\/wp\/v2\/types\/post"}],"author":[{"embeddable":true,"href":"https:\/\/www.radioamigavallenar.cl\/index.php?rest_route=\/wp\/v2\/users\/2"}],"replies":[{"embeddable":true,"href":"https:\/\/www.radioamigavallenar.cl\/index.php?rest_route=%2Fwp%2Fv2%2Fcomments&post=35427"}],"version-history":[{"count":1,"href":"https:\/\/www.radioamigavallenar.cl\/index.php?rest_route=\/wp\/v2\/posts\/35427\/revisions"}],"predecessor-version":[{"id":35429,"href":"https:\/\/www.radioamigavallenar.cl\/index.php?rest_route=\/wp\/v2\/posts\/35427\/revisions\/35429"}],"wp:featuredmedia":[{"embeddable":true,"href":"https:\/\/www.radioamigavallenar.cl\/index.php?rest_route=\/wp\/v2\/media\/35428"}],"wp:attachment":[{"href":"https:\/\/www.radioamigavallenar.cl\/index.php?rest_route=%2Fwp%2Fv2%2Fmedia&parent=35427"}],"wp:term":[{"taxonomy":"category","embeddable":true,"href":"https:\/\/www.radioamigavallenar.cl\/index.php?rest_route=%2Fwp%2Fv2%2Fcategories&post=35427"},{"taxonomy":"post_tag","embeddable":true,"href":"https:\/\/www.radioamigavallenar.cl\/index.php?rest_route=%2Fwp%2Fv2%2Ftags&post=35427"}],"curies":[{"name":"wp","href":"https:\/\/api.w.org\/{rel}","templated":true}]}}