{"id":35425,"date":"2021-02-01T11:12:42","date_gmt":"2021-02-01T14:12:42","guid":{"rendered":"https:\/\/www.radioamigavallenar.cl\/?p=35425"},"modified":"2021-02-01T11:12:42","modified_gmt":"2021-02-01T14:12:42","slug":"participacion-femenina-representa-un-89-por-ciento-de-la-fuerza-laboral-en-el-rubro-minero","status":"publish","type":"post","link":"https:\/\/www.radioamigavallenar.cl\/?p=35425","title":{"rendered":"Participaci\u00f3n femenina representa un 8,9 por ciento de la fuerza laboral en el rubro minero"},"content":{"rendered":"<p><strong>La implementaci\u00f3n, por parte de empresas mineras, de pol\u00edticas de igualdad y la eliminaci\u00f3n de pr\u00e1cticas discriminatorias, ha generado el aumento en la participaci\u00f3n y permanencia de mujeres en la industria.<\/strong><span id=\"more-236158\"><\/span><\/p>\n<p>La miner\u00eda, una de las principales actividades econ\u00f3micas de nuestro pa\u00eds y que representa el 10% del PIB anual, siempre se ha visto como un rubro de hombres, sin embargo, el reciente estudio \u201cMujer y Miner\u00eda\u201d del Consejo de Competencias Mineras (CCM) revel\u00f3 que las empresas cada vez est\u00e1n integrando a m\u00e1s perfiles femeninos y hoy ya representan un 8,9% de la fuerza laboral.<\/p>\n<p>Seg\u00fan explica la gerente de la entidad, Ver\u00f3nica Fincheira, \u201cla implementaci\u00f3n de diversas acciones por parte de compa\u00f1\u00edas mineras, para aportar a las pol\u00edticas de igualdad y a la eliminaci\u00f3n de pr\u00e1cticas discriminatorias, ha generado el aumento en la participaci\u00f3n y la permanencia de las mujeres en la industria\u201d.<\/p>\n<p>Lo anterior gener\u00f3 que la contrataci\u00f3n subiera de 9,1% a 17,3% entre el 2012 y 2019, consiguiendo que actualmente 8,9% de la fuerza laboral de la industria sean mujeres. \u201cEs un gran avance en t\u00e9rminos de inclusi\u00f3n y esperamos que para el 2024, donde se requerir\u00e1n m\u00e1s de 30.000 trabajadores en la industria, un porcentaje mayor sean mujeres\u201d, declar\u00f3 Fincheira<strong>.\u00a0<\/strong><\/p>\n<p>Adem\u00e1s, con el fin de aumentar la inscripci\u00f3n a carreras t\u00e9cnicas y profesionales, el CCM lanz\u00f3 recientemente Ser Miner\u00eda, la plataforma que orienta a los j\u00f3venes interesados en el rubro y que cuenta con un test vocacional donde el estudiante podr\u00e1 ver qu\u00e9 \u00e1rea tiene m\u00e1s afinidades con su perfil, conocer la demanda de su puesto de trabajo y proyecciones laborales.<\/p>\n","protected":false},"excerpt":{"rendered":"<p>La implementaci\u00f3n, por parte de empresas mineras, de pol\u00edticas de igualdad y la eliminaci\u00f3n de pr\u00e1cticas discriminatorias, ha generado el aumento en la participaci\u00f3n y&hellip; <\/p>\n","protected":false},"author":2,"featured_media":29292,"comment_status":"open","ping_status":"closed","sticky":false,"template":"","format":"standard","meta":{"footnotes":""},"categories":[38],"tags":[],"class_list":["post-35425","post","type-post","status-publish","format-standard","has-post-thumbnail","hentry","category-portada-regional"],"_links":{"self":[{"href":"https:\/\/www.radioamigavallenar.cl\/index.php?rest_route=\/wp\/v2\/posts\/35425","targetHints":{"allow":["GET"]}}],"collection":[{"href":"https:\/\/www.radioamigavallenar.cl\/index.php?rest_route=\/wp\/v2\/posts"}],"about":[{"href":"https:\/\/www.radioamigavallenar.cl\/index.php?rest_route=\/wp\/v2\/types\/post"}],"author":[{"embeddable":true,"href":"https:\/\/www.radioamigavallenar.cl\/index.php?rest_route=\/wp\/v2\/users\/2"}],"replies":[{"embeddable":true,"href":"https:\/\/www.radioamigavallenar.cl\/index.php?rest_route=%2Fwp%2Fv2%2Fcomments&post=35425"}],"version-history":[{"count":1,"href":"https:\/\/www.radioamigavallenar.cl\/index.php?rest_route=\/wp\/v2\/posts\/35425\/revisions"}],"predecessor-version":[{"id":35426,"href":"https:\/\/www.radioamigavallenar.cl\/index.php?rest_route=\/wp\/v2\/posts\/35425\/revisions\/35426"}],"wp:featuredmedia":[{"embeddable":true,"href":"https:\/\/www.radioamigavallenar.cl\/index.php?rest_route=\/wp\/v2\/media\/29292"}],"wp:attachment":[{"href":"https:\/\/www.radioamigavallenar.cl\/index.php?rest_route=%2Fwp%2Fv2%2Fmedia&parent=35425"}],"wp:term":[{"taxonomy":"category","embeddable":true,"href":"https:\/\/www.radioamigavallenar.cl\/index.php?rest_route=%2Fwp%2Fv2%2Fcategories&post=35425"},{"taxonomy":"post_tag","embeddable":true,"href":"https:\/\/www.radioamigavallenar.cl\/index.php?rest_route=%2Fwp%2Fv2%2Ftags&post=35425"}],"curies":[{"name":"wp","href":"https:\/\/api.w.org\/{rel}","templated":true}]}}