{"id":35422,"date":"2021-02-01T09:19:33","date_gmt":"2021-02-01T12:19:33","guid":{"rendered":"https:\/\/www.radioamigavallenar.cl\/?p=35422"},"modified":"2021-02-01T09:19:33","modified_gmt":"2021-02-01T12:19:33","slug":"fosis-entrega-certificacion-a-domicilio-a-emprendedores-de-la-provincia-de-huasco","status":"publish","type":"post","link":"https:\/\/www.radioamigavallenar.cl\/?p=35422","title":{"rendered":"FOSIS entrega certificaci\u00f3n a domicilio a emprendedores de la Provincia de Huasco"},"content":{"rendered":"<p><strong>Instituci\u00f3n de gobierno est\u00e1 facilitando la entrega de diplomas para que las personas no tengan que salir de sus casas con motivo de la pandemia por coronavirus<\/strong><span id=\"more-133718\"><\/span><\/p>\n<p class=\"v1MsoNormal\">Hasta la Provincia de Huasco lleg\u00f3 la Directora Regional del FOSIS, Mar\u00eda Teresa Ca\u00f1as, junto a su equipo de profesionales para hacer entrega a domicilio de sus respectivos diplomas a los participantes del Programa Yo Emprendo que implementa el gobierno a trav\u00e9s de esta instituci\u00f3n, apoyo que permitir\u00e1 que los emprendedores puedan fortalecer sus negocios en las comunas de Huasco, Vallenar y Freirina.<\/p>\n<p class=\"v1MsoNormal\">\u201cEstamos felices de seguir compartiendo junto a las personas, en esta ocasi\u00f3n de manera individual y llegando hasta sus domicilios. Tomamos esta medida para facilitar la obtenci\u00f3n de su certificaci\u00f3n a los emprendedores y emprendedoras que participaron con \u00e9xito en nuestros programas, entendiendo que en todos los proyectos no podemos hacer actividades p\u00fablicas por la cantidad de personas y por la fase en que se encuentra cada comuna, seg\u00fan el plan Paso a Paso\u201d, explic\u00f3 la directora Mar\u00eda Teresa Ca\u00f1as.<\/p>\n<p class=\"v1MsoNormal\">Este proyecto del Programa Yo Emprendo del FOSIS lleg\u00f3 para 39 personas de las comunas de Freirina, Vallenar y Huasco, quienes recibieron capacitaci\u00f3n v\u00eda telem\u00e1tica, seguimiento, orientaci\u00f3n y financiamiento por un monto de alrededor de 450 mil pesos para que las personas puedan comprar herramientas e insumos para fortalecer sus negocios.<\/p>\n<p class=\"v1MsoNormal\">Una de las emprendedoras del proyecto es Diana Delgadillo, due\u00f1a del local de comida r\u00e1pida \u201cLa Esquina del Burrito\u201d en Vallenar, quien manifest\u00f3 que \u201cfui de a poquito realizando la ampliaci\u00f3n de mi local y espero llegar lejos con mi negocio de venta de papas fritas, pollo asado y completos. Me encant\u00f3 la capacitaci\u00f3n del programa porque fue online, no sal\u00ed de casa, y siempre estuve pendiente de mis cursos, nunca falt\u00e9. Siempre me apoyaron en FOSIS, estoy muy agradecida\u201d.<\/p>\n<p class=\"v1MsoNormal\">Este proyecto tuvo una inversi\u00f3n cercana a los 40 millones de pesos, y es uno de los 40 proyectos que implement\u00f3 el gobierno a trav\u00e9s del FOSIS en Atacama durante 2020. Actualmente este servicio p\u00fablico est\u00e1 realizando los \u00faltimos cierres de proyectos del a\u00f1o pasado, para en marzo comenzar con el periodo 2021 de programas en materia de emprendimiento.<\/p>\n<p class=\"v1MsoNormal\">Para concluir, la Directora Regional del FOSIS, expres\u00f3 que \u201ca pesar de la pandemia hemos continuado sin descanso con la ejecuci\u00f3n de nuestros proyectos en materia de emprendimiento, tampoco de las otras l\u00edneas program\u00e1ticas. El Presidente Sebasti\u00e1n Pi\u00f1era nos ha pedido estar junto a las personas, las familias y comunidades, y hemos hecho todos los esfuerzos con nuestro equipo regional, dando cumplimiento a ese mandato, con capacitaci\u00f3n, un amplio despliegue por las nueve comunas y con celeridad para que las personas puedan tener insumo para generar recursos e impulsar su econom\u00eda familiar\u201d.<\/p>\n","protected":false},"excerpt":{"rendered":"<p>Instituci\u00f3n de gobierno est\u00e1 facilitando la entrega de diplomas para que las personas no tengan que salir de sus casas con motivo de la pandemia&hellip; <\/p>\n","protected":false},"author":2,"featured_media":35423,"comment_status":"open","ping_status":"closed","sticky":false,"template":"","format":"standard","meta":{"footnotes":""},"categories":[38],"tags":[],"class_list":["post-35422","post","type-post","status-publish","format-standard","has-post-thumbnail","hentry","category-portada-regional"],"_links":{"self":[{"href":"https:\/\/www.radioamigavallenar.cl\/index.php?rest_route=\/wp\/v2\/posts\/35422","targetHints":{"allow":["GET"]}}],"collection":[{"href":"https:\/\/www.radioamigavallenar.cl\/index.php?rest_route=\/wp\/v2\/posts"}],"about":[{"href":"https:\/\/www.radioamigavallenar.cl\/index.php?rest_route=\/wp\/v2\/types\/post"}],"author":[{"embeddable":true,"href":"https:\/\/www.radioamigavallenar.cl\/index.php?rest_route=\/wp\/v2\/users\/2"}],"replies":[{"embeddable":true,"href":"https:\/\/www.radioamigavallenar.cl\/index.php?rest_route=%2Fwp%2Fv2%2Fcomments&post=35422"}],"version-history":[{"count":1,"href":"https:\/\/www.radioamigavallenar.cl\/index.php?rest_route=\/wp\/v2\/posts\/35422\/revisions"}],"predecessor-version":[{"id":35424,"href":"https:\/\/www.radioamigavallenar.cl\/index.php?rest_route=\/wp\/v2\/posts\/35422\/revisions\/35424"}],"wp:featuredmedia":[{"embeddable":true,"href":"https:\/\/www.radioamigavallenar.cl\/index.php?rest_route=\/wp\/v2\/media\/35423"}],"wp:attachment":[{"href":"https:\/\/www.radioamigavallenar.cl\/index.php?rest_route=%2Fwp%2Fv2%2Fmedia&parent=35422"}],"wp:term":[{"taxonomy":"category","embeddable":true,"href":"https:\/\/www.radioamigavallenar.cl\/index.php?rest_route=%2Fwp%2Fv2%2Fcategories&post=35422"},{"taxonomy":"post_tag","embeddable":true,"href":"https:\/\/www.radioamigavallenar.cl\/index.php?rest_route=%2Fwp%2Fv2%2Ftags&post=35422"}],"curies":[{"name":"wp","href":"https:\/\/api.w.org\/{rel}","templated":true}]}}