{"id":35419,"date":"2021-02-01T09:15:42","date_gmt":"2021-02-01T12:15:42","guid":{"rendered":"https:\/\/www.radioamigavallenar.cl\/?p=35419"},"modified":"2021-02-01T09:15:42","modified_gmt":"2021-02-01T12:15:42","slug":"prodemu-escucha-e-insta-atacamenas-para-integrarse-a-sus-programas-2021","status":"publish","type":"post","link":"https:\/\/www.radioamigavallenar.cl\/?p=35419","title":{"rendered":"PRODEMU escucha e insta atacame\u00f1as para integrarse a sus programas 2021"},"content":{"rendered":"<div><strong>El 2020 y a pesar de la pandemia, PRODEMU entreg\u00f3 150 celulares en la regi\u00f3n, apoy\u00f3 a 118 floricultoras y agricultoras, entreg\u00f3 recursos directos a 60 atacame\u00f1as en plena crisis sanitaria y con su trabajo 100 mujeres nivelaron sus estudios de ense\u00f1anza media, por nombrar solo algunos ejemplos.<\/strong><\/div>\n<div><\/div>\n<div>La directora regional de PRODEMU, Johanna Fern\u00e1ndez Rodr\u00edguez, inst\u00f3 a las mujeres de Atacama a no olvidar el fono gratuito 800364200 (PRODEMU ESCUCHA) cuyo objetivo es acompa\u00f1ar, contener y asesorar a mujeres para su autocuidado emocional y psicol\u00f3gico.<\/div>\n<div><\/div>\n<div>En este marco, Fern\u00e1ndez Rodr\u00edguez tambi\u00e9n hizo un llamado a las atacame\u00f1as para que est\u00e9n atentas a la oferta program\u00e1tica 2021 de PRODEMU.<\/div>\n<div><\/div>\n<div>\u00abEl a\u00f1o pasado recorrimos toda la regi\u00f3n; por cierto que nuevamente lo estamos haciendo; y nos percatamos que muchas mujeres atacame\u00f1as poseen caracter\u00edsticas y talentos incre\u00edbles, pero muchas veces no cuentan con el apoyo necesario para desarrollarlos. Por esta raz\u00f3n nuestra Primera Dama Cecilia Morel y nuestra directora nacional Paola Diez nos han mandatado a trabajar junto a ellas para apoyarlas y potenciar sus ideas, proyectos, iniciativas y anhelos\u00bb.<\/div>\n<div><\/div>\n<div>\u00abEl 2020 a pesar de adversidad provocada por la pandemia del Covid-19, logramos; a trav\u00e9s de nuestros programas, talleres, capacitaciones y rutas digitales; entregar 150 celulares a mujeres emprendedoras, due\u00f1as de casa y que buscaban trabajo (Ruta de Empoderamiento Digital); as\u00ed mismo logramos apoyar a 118 atacame\u00f1as que trabajan con flores y hortalizas en la tierra, junto a INDAP (Mujeres Rurales); durante la emergencia sanitaria entregamos recursos a 60 mujeres de la regi\u00f3n (Seguimos de Pie) y 100 mujeres lograron nivelar sus estudios con nuestro programa Cumpliendo Un Sue\u00f1o. Estos son s\u00f3lo algunos de los programas que ejecutamos el a\u00f1o pasado. Este a\u00f1o continuaremos trabajando y apoyando a nuestras atacame\u00f1as\u00bb, argument\u00f3 Fern\u00e1ndez.<\/div>\n<div><\/div>\n<div style=\"text-align: center;\"><strong>Atacame\u00f1as: \u00bfC\u00f3mo ser una mujer PRODEMU?<\/strong><\/div>\n<div><\/div>\n<div>Lo primero es informarse y para eso est\u00e1 disponible la l\u00ednea gratuita 800364200. Aqu\u00ed podr\u00e1 resolver sus dudas referente a nuestra fundaci\u00f3n. Tenemos todo un equipo de profesionales dispuestos a estar contigo y ayudarte. \u00a1Ll\u00e1manos!. La l\u00ednea 800 est\u00e1 activa de\u202flunes a viernes, entre las 9 y las 18 horas, salvo feriados y festivos.<\/div>\n<div><\/div>\n<div>La directora regional de PRODEMU, Johanna Fern\u00e1ndez Rodr\u00edguez afirm\u00f3 que \u00abaqu\u00ed en la regi\u00f3n de Atacama cualquier mujer puede precisar informaci\u00f3n en nuestras oficinas. En la provincia de Cha\u00f1aral nos pueden contactar al tel\u00e9fono (52) 2480263 o visitar nuestras dependencias en calle Buin 426, depto A2, edificio Cha\u00f1arcillo, comuna de Cha\u00f1aral. Mientras que en la provincia de Huasco nos pueden contactar al (51) 2672190 y visitarnos en calle Ram\u00edrez 1365, comuna de Vallenar. Finalmente en la provincia de Copiap\u00f3, nos pueden ubicar en el tel\u00e9fono (52) 2541063 o bien en nuestras oficinas centrales ubicadas en calle Copayapu N\u00b01306, ciudad de Copiap\u00f3. Es importante que est\u00e9n atentas a nuestra oferta 2021 para que se puedan integrar a nuestros programas\u00bb.<\/div>\n<div><\/div>\n<div>La Fundaci\u00f3n para la Promoci\u00f3n y Desarrollo de la Mujer (PRODEMU) pertenece a la Red de Fundaciones de la Presidencia de la Rep\u00fablica y es presidida por la Primera Dama, Se\u00f1ora Cecilia Morel Montes y su directora nacional es Paola Diez Berliner. \u200b<\/div>\n<div><\/div>\n<div>PRODEMU es una instituci\u00f3n que forma, informa y generar redes. Anualmente trabaja con m\u00e1s de 60.000 mujeres, apoy\u00e1ndolas para que alcancen mayor autonom\u00eda f\u00edsica, econ\u00f3mica y para la toma de decisiones, a trav\u00e9s del trabajo en ocho Rutas de Aprendizaje en las \u00e1reas de Desarrollo Personal, Familias, Cultura, Liderazgo, Organizaciones, Empleo Dependiente, Emprendimiento y Emprendimiento Rural.<\/div>\n","protected":false},"excerpt":{"rendered":"<p>El 2020 y a pesar de la pandemia, PRODEMU entreg\u00f3 150 celulares en la regi\u00f3n, apoy\u00f3 a 118 floricultoras y agricultoras, entreg\u00f3 recursos directos a&hellip; <\/p>\n","protected":false},"author":2,"featured_media":35420,"comment_status":"open","ping_status":"closed","sticky":false,"template":"","format":"standard","meta":{"footnotes":""},"categories":[7],"tags":[],"class_list":["post-35419","post","type-post","status-publish","format-standard","has-post-thumbnail","hentry","category-atacama"],"_links":{"self":[{"href":"https:\/\/www.radioamigavallenar.cl\/index.php?rest_route=\/wp\/v2\/posts\/35419","targetHints":{"allow":["GET"]}}],"collection":[{"href":"https:\/\/www.radioamigavallenar.cl\/index.php?rest_route=\/wp\/v2\/posts"}],"about":[{"href":"https:\/\/www.radioamigavallenar.cl\/index.php?rest_route=\/wp\/v2\/types\/post"}],"author":[{"embeddable":true,"href":"https:\/\/www.radioamigavallenar.cl\/index.php?rest_route=\/wp\/v2\/users\/2"}],"replies":[{"embeddable":true,"href":"https:\/\/www.radioamigavallenar.cl\/index.php?rest_route=%2Fwp%2Fv2%2Fcomments&post=35419"}],"version-history":[{"count":1,"href":"https:\/\/www.radioamigavallenar.cl\/index.php?rest_route=\/wp\/v2\/posts\/35419\/revisions"}],"predecessor-version":[{"id":35421,"href":"https:\/\/www.radioamigavallenar.cl\/index.php?rest_route=\/wp\/v2\/posts\/35419\/revisions\/35421"}],"wp:featuredmedia":[{"embeddable":true,"href":"https:\/\/www.radioamigavallenar.cl\/index.php?rest_route=\/wp\/v2\/media\/35420"}],"wp:attachment":[{"href":"https:\/\/www.radioamigavallenar.cl\/index.php?rest_route=%2Fwp%2Fv2%2Fmedia&parent=35419"}],"wp:term":[{"taxonomy":"category","embeddable":true,"href":"https:\/\/www.radioamigavallenar.cl\/index.php?rest_route=%2Fwp%2Fv2%2Fcategories&post=35419"},{"taxonomy":"post_tag","embeddable":true,"href":"https:\/\/www.radioamigavallenar.cl\/index.php?rest_route=%2Fwp%2Fv2%2Ftags&post=35419"}],"curies":[{"name":"wp","href":"https:\/\/api.w.org\/{rel}","templated":true}]}}