{"id":35417,"date":"2021-02-01T08:25:29","date_gmt":"2021-02-01T11:25:29","guid":{"rendered":"https:\/\/www.radioamigavallenar.cl\/?p=35417"},"modified":"2021-02-01T08:25:29","modified_gmt":"2021-02-01T11:25:29","slug":"heraldo-munoz-gano-la-primaria-y-es-el-candidato-presidencial-del-ppd","status":"publish","type":"post","link":"https:\/\/www.radioamigavallenar.cl\/?p=35417","title":{"rendered":"Heraldo Mu\u00f1oz gan\u00f3 la primaria y es el candidato presidencial del PPD"},"content":{"rendered":"<p>El timonel logr\u00f3 el 54% de los votos en la consulta ciudadana de este domingo, derrotando a Francisco Vidal (43%) y a Jorge Tarud (3%).<\/p>\n<p>Sufragaron poco m\u00e1s de 13 mil personas, una participaci\u00f3n por encima de las expectativas.<\/p>\n<p><strong>El timonel del PPD, Heraldo Mu\u00f1oz, se convirti\u00f3 en el candidato presidencial de la colectividad al triunfar en la\u00a0primaria interna<\/strong> realizada ayer domingo.<\/p>\n<p>Casi dos horas despu\u00e9s de finalizada la consulta ciudadana, se constat\u00f3 que el ex canciller recibi\u00f3 el\u00a0<strong>54 por ciento de las preferencias<\/strong>\u00a0de los\u00a0<strong>13.325 militantes e independientes<\/strong>\u00a0que participaron, por encima de\u00a0las expectativas declaradas por el conglomerado d\u00edas antes.<\/p>\n<p>\u00abHemos avanzado mucho respecto a la propuesta para ir en la direcci\u00f3n de\u00a0<strong>una sociedad y un Estado de bienestar, para que el Estado sea protector de las y los ciudadanos, no de los consumidores<\/strong>\u00ab, plante\u00f3 Mu\u00f1oz tras su victoria.<\/p>\n<p>En ese sentido, estim\u00f3 que el desaf\u00edo ahora es\u00a0<strong>\u00abenriquecer\u00bb la plataforma consolidada con esta votaci\u00f3n<\/strong>, \u00abporque esta ha sido parte de mi campa\u00f1a, y yo quiero que ahora sea de la unidad de todo el Partido por la Democracia; eso es lo primero\u00bb.<\/p>\n<p>\u00ab<strong>Vamos a afinar entonces las propuestas para construir un Chile m\u00e1s justo<\/strong>, un Chile m\u00e1s digno, un Chile m\u00e1s humanitario a trav\u00e9s del di\u00e1logo, de los acuerdos y de la b\u00fasqueda de -ojal\u00e1- un gran pacto social\u00bb, concluy\u00f3 el ahora candidato.<\/p>\n","protected":false},"excerpt":{"rendered":"<p>El timonel logr\u00f3 el 54% de los votos en la consulta ciudadana de este domingo, derrotando a Francisco Vidal (43%) y a Jorge Tarud (3%).&hellip; <\/p>\n","protected":false},"author":2,"featured_media":0,"comment_status":"open","ping_status":"closed","sticky":false,"template":"","format":"standard","meta":{"footnotes":""},"categories":[37],"tags":[],"class_list":["post-35417","post","type-post","status-publish","format-standard","hentry","category-nacional"],"_links":{"self":[{"href":"https:\/\/www.radioamigavallenar.cl\/index.php?rest_route=\/wp\/v2\/posts\/35417","targetHints":{"allow":["GET"]}}],"collection":[{"href":"https:\/\/www.radioamigavallenar.cl\/index.php?rest_route=\/wp\/v2\/posts"}],"about":[{"href":"https:\/\/www.radioamigavallenar.cl\/index.php?rest_route=\/wp\/v2\/types\/post"}],"author":[{"embeddable":true,"href":"https:\/\/www.radioamigavallenar.cl\/index.php?rest_route=\/wp\/v2\/users\/2"}],"replies":[{"embeddable":true,"href":"https:\/\/www.radioamigavallenar.cl\/index.php?rest_route=%2Fwp%2Fv2%2Fcomments&post=35417"}],"version-history":[{"count":1,"href":"https:\/\/www.radioamigavallenar.cl\/index.php?rest_route=\/wp\/v2\/posts\/35417\/revisions"}],"predecessor-version":[{"id":35418,"href":"https:\/\/www.radioamigavallenar.cl\/index.php?rest_route=\/wp\/v2\/posts\/35417\/revisions\/35418"}],"wp:attachment":[{"href":"https:\/\/www.radioamigavallenar.cl\/index.php?rest_route=%2Fwp%2Fv2%2Fmedia&parent=35417"}],"wp:term":[{"taxonomy":"category","embeddable":true,"href":"https:\/\/www.radioamigavallenar.cl\/index.php?rest_route=%2Fwp%2Fv2%2Fcategories&post=35417"},{"taxonomy":"post_tag","embeddable":true,"href":"https:\/\/www.radioamigavallenar.cl\/index.php?rest_route=%2Fwp%2Fv2%2Ftags&post=35417"}],"curies":[{"name":"wp","href":"https:\/\/api.w.org\/{rel}","templated":true}]}}