{"id":35414,"date":"2021-02-01T08:21:44","date_gmt":"2021-02-01T11:21:44","guid":{"rendered":"https:\/\/www.radioamigavallenar.cl\/?p=35414"},"modified":"2021-02-01T08:21:44","modified_gmt":"2021-02-01T11:21:44","slug":"llega-a-chile-nuevo-cargamento-de-vacunas-coronavac-son-mas-de-19-millones-de-dosis","status":"publish","type":"post","link":"https:\/\/www.radioamigavallenar.cl\/?p=35414","title":{"rendered":"Llega a Chile nuevo cargamento de vacunas Coronavac: son m\u00e1s de 1,9 millones de dosis"},"content":{"rendered":"<p>Ayer domingo lleg\u00f3 a Chile en un avi\u00f3n de Latam el segundo cargamento de las vacunas <strong>Coronavac<\/strong>, destinadas para el proceso de\u00a0<strong>vacunaci\u00f3n masiva<\/strong>\u00a0contra la\u00a0<strong>covid-19<\/strong>\u00a0que se iniciar\u00e1 el pr\u00f3ximo mi\u00e9rcoles 3 de febrero.<\/p>\n<p>Seg\u00fan inform\u00f3 la subsecretaria de Salud P\u00fablica, Paula Daza, son\u00a0<strong>1.917.663 dosis<\/strong>\u00a0que fueron elaboradas en China por el laboratorio\u00a0<strong>Sinovac<\/strong>.<\/p>\n<p>La autoridad agreg\u00f3 que con esto\u00a0<strong>totalizan casi 4 millones de vacunas Coronavac<\/strong>\u00a0en Chile, las que beneficiar\u00e1n a misma cantidad de personas durante las pr\u00f3ximas semanas, pariendo por personal de salud y adultos mayores.<\/p>\n<p>Agreg\u00f3 que se espera durante las pr\u00f3ximas semanas sigan llegando vacunas, totalizando m\u00e1s de 10 millones que\u00a0<strong>permitir\u00e1n inocular a 5 millones de personas<\/strong>\u00a0durante el primer trimestre de 2021.<\/p>\n<p>Por su parte, el subsecretario de Redes Asistenciales, Alberto Dougnac, indic\u00f3 que ante los retrasos en las entregas que ha manifestado la empresa\u00a0<strong>Pfizer<\/strong>, otras de las compa\u00f1\u00edas con la que Chile mantiene convenio, el personal de salud seguir\u00e1 siendo vacunado con Coronavac.<\/p>\n<p>Junto con ello, subray\u00f3 que desde ayer s\u00e1bado se inici\u00f3 el traslado de las vacunas hacia distintas regiones del pa\u00eds y que ahora viene el desaf\u00edo, junto a los alcaldes del pa\u00eds, de inocular a la poblaci\u00f3n.<\/p>\n<p>Finalmente, el subsecretario de Relaciones Econ\u00f3micas Internacionales, Rodrigo Y\u00e1\u00f1ez, indic\u00f3 que se espera que\u00a0<strong>en la segunda quincena de febrero<\/strong>\u00a0se reanude el env\u00edo de vacunas Pfizer.<\/p>\n<p>El siguiente es el<strong>\u00a0calendario<\/strong>\u00a0informado por el Gobierno:<\/p>\n<p><img loading=\"lazy\" decoding=\"async\" class=\"aligncenter size-large wp-image-4812040\" src=\"https:\/\/media.biobiochile.cl\/wp-content\/uploads\/2021\/01\/1111.png\" alt=\"\" width=\"840\" height=\"467\" \/><\/p>\n<p><img loading=\"lazy\" decoding=\"async\" class=\"aligncenter size-full wp-image-4812039\" src=\"https:\/\/media.biobiochile.cl\/wp-content\/uploads\/2021\/01\/22222.png\" alt=\"\" width=\"1080\" height=\"600\" \/><\/p>\n","protected":false},"excerpt":{"rendered":"<p>Ayer domingo lleg\u00f3 a Chile en un avi\u00f3n de Latam el segundo cargamento de las vacunas Coronavac, destinadas para el proceso de\u00a0vacunaci\u00f3n masiva\u00a0contra la\u00a0covid-19\u00a0que se&hellip; <\/p>\n","protected":false},"author":2,"featured_media":35415,"comment_status":"open","ping_status":"closed","sticky":false,"template":"","format":"standard","meta":{"footnotes":""},"categories":[37],"tags":[],"class_list":["post-35414","post","type-post","status-publish","format-standard","has-post-thumbnail","hentry","category-nacional"],"_links":{"self":[{"href":"https:\/\/www.radioamigavallenar.cl\/index.php?rest_route=\/wp\/v2\/posts\/35414","targetHints":{"allow":["GET"]}}],"collection":[{"href":"https:\/\/www.radioamigavallenar.cl\/index.php?rest_route=\/wp\/v2\/posts"}],"about":[{"href":"https:\/\/www.radioamigavallenar.cl\/index.php?rest_route=\/wp\/v2\/types\/post"}],"author":[{"embeddable":true,"href":"https:\/\/www.radioamigavallenar.cl\/index.php?rest_route=\/wp\/v2\/users\/2"}],"replies":[{"embeddable":true,"href":"https:\/\/www.radioamigavallenar.cl\/index.php?rest_route=%2Fwp%2Fv2%2Fcomments&post=35414"}],"version-history":[{"count":1,"href":"https:\/\/www.radioamigavallenar.cl\/index.php?rest_route=\/wp\/v2\/posts\/35414\/revisions"}],"predecessor-version":[{"id":35416,"href":"https:\/\/www.radioamigavallenar.cl\/index.php?rest_route=\/wp\/v2\/posts\/35414\/revisions\/35416"}],"wp:featuredmedia":[{"embeddable":true,"href":"https:\/\/www.radioamigavallenar.cl\/index.php?rest_route=\/wp\/v2\/media\/35415"}],"wp:attachment":[{"href":"https:\/\/www.radioamigavallenar.cl\/index.php?rest_route=%2Fwp%2Fv2%2Fmedia&parent=35414"}],"wp:term":[{"taxonomy":"category","embeddable":true,"href":"https:\/\/www.radioamigavallenar.cl\/index.php?rest_route=%2Fwp%2Fv2%2Fcategories&post=35414"},{"taxonomy":"post_tag","embeddable":true,"href":"https:\/\/www.radioamigavallenar.cl\/index.php?rest_route=%2Fwp%2Fv2%2Ftags&post=35414"}],"curies":[{"name":"wp","href":"https:\/\/api.w.org\/{rel}","templated":true}]}}