{"id":35411,"date":"2021-02-01T06:00:27","date_gmt":"2021-02-01T09:00:27","guid":{"rendered":"https:\/\/www.radioamigavallenar.cl\/?p=35411"},"modified":"2021-01-31T20:40:56","modified_gmt":"2021-01-31T23:40:56","slug":"sindicato-de-axinntus-que-presta-servicios-a-la-termoelectrica-guacolda-en-huasco-cumple-20-dias-en-huelga","status":"publish","type":"post","link":"https:\/\/www.radioamigavallenar.cl\/?p=35411","title":{"rendered":"Sindicato de Axinntus que presta servicios a la Termoel\u00e9ctrica Guacolda en Huasco, cumple 20 d\u00edas en huelga"},"content":{"rendered":"<p>En un contexto sanitario extremo y tras meses de crisis social y una pandemia jam\u00e1s vivida, 180 familias de Huasco se encuentran sin recibir salario debido a la intransigencia del empleador.<\/p>\n<p>Desde el 12 de enero se encuentran en huelga 180 trabajadores de la empresa Axinntus de Huasco, Regi\u00f3n de Atacama, tras la nula respuesta\u00a0 del empleador. Los trabajadores prestan diversos servicios en dependencias de la Termoel\u00e9ctrica Guacolda, entre los que se cuentan acopio y llenado de carb\u00f3n, uso y mantenimiento de maquinaria pesada, mantenimiento el\u00e9ctrico y mec\u00e1nico de equipos, limpieza qu\u00edmica y aseo industrial, entre otras.<\/p>\n<p>Las negociaciones comenzaron en el mes de noviembre y, hasta hoy, la empresa ha sido\u00a0 incapaz de presentar una propuesta coherente y que pueda dar respuesta al petitorio levantado por los trabajadores y\u00a0 las trabajadoras.<\/p>\n<p>Si bien, los dirigentes se han sentado junto a la empresa y han recibido distintas ofertas, cada una de ellas es considerada como una burla a la organizaci\u00f3n sindical y a las bases que se encuentran a\u00fan dispuestas a negociar.<\/p>\n<p>Pese al apoyo recibido por distintos personeros pol\u00edticos de la zona, la \u00faltima propuesta ha dejado nuevamente en el suelo las posibilidades de terminar con el conflicto. De forma irrisoria, dicha oferta considera un adelanto de dinero que ser\u00e1 extra\u00eddo del monto destinado a colaciones, es decir, la empresa negocia un t\u00e9rmino de conflicto sin meter las manos al bolsillo y denigrando econ\u00f3mica y moralmente a sus trabajadores\/as. Hasta ahora la respuesta de la empresa ha sido, desinter\u00e9s, despreocupaci\u00f3n y represi\u00f3n.<\/p>\n<p>Los sindicatos 1 y 2 de la empresa Axinntus en Huasco permanecen en huelga, manifest\u00e1ndose en la carretera que permite el ingreso a la termoel\u00e9ctrica, tomando todas las consideraciones sanitarias para evitar el contagio por COVID en los espacios laborales.<\/p>\n<p>De esta forma, la pandemia, el costo de la vida y la situaci\u00f3n medioambiental de la zona son aspectos que tambi\u00e9n relevan los trabajadores y que permiten demostrar que en Huasco se vive una situaci\u00f3n cr\u00edtica; situaci\u00f3n que en ning\u00fan caso es considerada por la empresa y que tampoco se pone de manifiesto al momento de pensar en una respuesta a sus trabajadores.<\/p>\n<p>\u00bfCu\u00e1ntos hombres y mujeres m\u00e1s deben engrosar la lista de desempleados? \u00bfCu\u00e1ntas familias deben recurrir a sus escasos fondos previsionales para llegar a fin de mes? Situaciones como las que vemos en el norte del pa\u00eds parecieran formar parte de una historia c\u00f3mica y de mal gusto, sin embargo, se trata de la realidad de miles de trabajadores\/as chilenos\/as a los que el estado ha abandonado relevando el inter\u00e9s de los poderosos.<\/p>\n<div id=\"gallery-69964-1-slideshow\" class=\"slideshow-window jetpack-slideshow slideshow-black\" data-trans=\"fade\" data-autostart=\"1\" data-gallery=\"[{&quot;src&quot;:&quot;http:\\\/\\\/tierramarillano.cl\\\/wp-content\\\/uploads\\\/2021\\\/01\\\/foto-2-5.jpg&quot;,&quot;id&quot;:&quot;69966&quot;,&quot;title&quot;:&quot;foto 2&quot;,&quot;alt&quot;:&quot;&quot;,&quot;caption&quot;:&quot;&quot;,&quot;itemprop&quot;:&quot;image&quot;},{&quot;src&quot;:&quot;http:\\\/\\\/tierramarillano.cl\\\/wp-content\\\/uploads\\\/2021\\\/01\\\/foto-3-3.jpg&quot;,&quot;id&quot;:&quot;69967&quot;,&quot;title&quot;:&quot;foto 3&quot;,&quot;alt&quot;:&quot;&quot;,&quot;caption&quot;:&quot;&quot;,&quot;itemprop&quot;:&quot;image&quot;},{&quot;src&quot;:&quot;http:\\\/\\\/tierramarillano.cl\\\/wp-content\\\/uploads\\\/2021\\\/01\\\/IMG-20210122-WA0053.jpg&quot;,&quot;id&quot;:&quot;69968&quot;,&quot;title&quot;:&quot;IMG-20210122-WA0053&quot;,&quot;alt&quot;:&quot;&quot;,&quot;caption&quot;:&quot;&quot;,&quot;itemprop&quot;:&quot;image&quot;}]\"><\/div>\n","protected":false},"excerpt":{"rendered":"<p>En un contexto sanitario extremo y tras meses de crisis social y una pandemia jam\u00e1s vivida, 180 familias de Huasco se encuentran sin recibir salario&hellip; <\/p>\n","protected":false},"author":2,"featured_media":0,"comment_status":"open","ping_status":"closed","sticky":false,"template":"","format":"standard","meta":{"footnotes":""},"categories":[7],"tags":[],"class_list":["post-35411","post","type-post","status-publish","format-standard","hentry","category-atacama"],"_links":{"self":[{"href":"https:\/\/www.radioamigavallenar.cl\/index.php?rest_route=\/wp\/v2\/posts\/35411","targetHints":{"allow":["GET"]}}],"collection":[{"href":"https:\/\/www.radioamigavallenar.cl\/index.php?rest_route=\/wp\/v2\/posts"}],"about":[{"href":"https:\/\/www.radioamigavallenar.cl\/index.php?rest_route=\/wp\/v2\/types\/post"}],"author":[{"embeddable":true,"href":"https:\/\/www.radioamigavallenar.cl\/index.php?rest_route=\/wp\/v2\/users\/2"}],"replies":[{"embeddable":true,"href":"https:\/\/www.radioamigavallenar.cl\/index.php?rest_route=%2Fwp%2Fv2%2Fcomments&post=35411"}],"version-history":[{"count":1,"href":"https:\/\/www.radioamigavallenar.cl\/index.php?rest_route=\/wp\/v2\/posts\/35411\/revisions"}],"predecessor-version":[{"id":35413,"href":"https:\/\/www.radioamigavallenar.cl\/index.php?rest_route=\/wp\/v2\/posts\/35411\/revisions\/35413"}],"wp:attachment":[{"href":"https:\/\/www.radioamigavallenar.cl\/index.php?rest_route=%2Fwp%2Fv2%2Fmedia&parent=35411"}],"wp:term":[{"taxonomy":"category","embeddable":true,"href":"https:\/\/www.radioamigavallenar.cl\/index.php?rest_route=%2Fwp%2Fv2%2Fcategories&post=35411"},{"taxonomy":"post_tag","embeddable":true,"href":"https:\/\/www.radioamigavallenar.cl\/index.php?rest_route=%2Fwp%2Fv2%2Ftags&post=35411"}],"curies":[{"name":"wp","href":"https:\/\/api.w.org\/{rel}","templated":true}]}}