{"id":35408,"date":"2021-02-01T06:00:28","date_gmt":"2021-02-01T09:00:28","guid":{"rendered":"https:\/\/www.radioamigavallenar.cl\/?p=35408"},"modified":"2021-01-31T20:38:11","modified_gmt":"2021-01-31T23:38:11","slug":"primera-unidad-de-vigilancia-tecnologica-de-atacama-lanza-informe-en-el-sector-mineria","status":"publish","type":"post","link":"https:\/\/www.radioamigavallenar.cl\/?p=35408","title":{"rendered":"Primera Unidad de Vigilancia Tecnol\u00f3gica de Atacama, lanza informe en el sector miner\u00eda"},"content":{"rendered":"<p>Una gran jornada se vivi\u00f3 en el cuarto y \u00faltimo Consejo Asesor 2020 del\u00a0<strong>Observatorio Laboral de Atacama<\/strong>, instancia en la que participaron autoridades, gremios, empresas e instituciones de formaci\u00f3n de la regi\u00f3n.<span id=\"more-236012\"><\/span><\/p>\n<p>En la actividad se realiz\u00f3 el lanzamiento del primer reporte generado por la\u00a0<strong>Unidad de Vigilancia Tecnol\u00f3gica<\/strong>\u00a0de la regi\u00f3n, la cual es parte del Observatorio Laboral de Atacama, y tiene como objetivo recolectar y analizar informaci\u00f3n masiva para ayudar a la toma de decisiones estrat\u00e9gicas con menos riesgos y anticipaci\u00f3n en los cambios del mercado.\u00a0 Este primer reporte estuvo enfocado en el sector miner\u00eda, donde se entrevistaron actores claves del sector, se estudi\u00f3 el panorama nacional e internacional, las tendencias tecnol\u00f3gicas, los avances en miner\u00eda sustentable y, tambi\u00e9n, se analiz\u00f3 la importancia de la implementaci\u00f3n de la Norma Chilena 3262, sobre conciliaci\u00f3n de la vida laboral, familiar y personal, que busca avanzar en equidad de g\u00e9nero y mejora de ambientes laborales. Por \u00faltimo, se profundiz\u00f3 sobre los perfiles laborales m\u00e1s solicitados por las empresas mineras de la regi\u00f3n.<\/p>\n<p>Pamela Orellana, Seremi (s) del Trabajo y Previsi\u00f3n Social de Atacama, valor\u00f3 la actividad \u201cEl trabajo realizado por el Observatorio Laboral, especialmente en relaci\u00f3n a este primer informe en el sector miner\u00eda, nos aporta datos tremendamente importantes para entender el mercado laboral. Para llegar a este resultado, a esta foto regional,\u00a0 hay un trabajo constante en materia de levantamiento de informaci\u00f3n, de experiencias regionales. Es importante contar con datos precisos sobre las brechas laborales, para as\u00ed potenciar las actividades productivas en la zona, en un trabajo mancomunado entre el sector p\u00fablico, privado, sindicatos y organizaciones de la sociedad civil. Los resultados nos invitan a reflexionar sobre las tendencias del uso de las nuevas tecnolog\u00edas, sobre la necesidad de desarrollar una miner\u00eda sustentable, sobre la importancia de trabajar por una equidad de g\u00e9nero en este mundo que, tradicionalmente, ha sido reservado para los hombres. Hay un gran trabajo que realizar, no solo desde la vereda de lo p\u00fablico, sino que tambi\u00e9n desde lo personal y profesional para alcanzar las oportunidades laborales que hoy nuestra regi\u00f3n necesita\u201d.<\/p>\n<p>Al respecto, el director regional del Sence, V\u00edctor Nieto, explic\u00f3 que \u201cEl a\u00f1o 2020 el Observatorio Laboral de SENCE en la regi\u00f3n de Atacama inici\u00f3 esta nueva Unidad de Vigilancia Tecnol\u00f3gica, siendo la primera de la regi\u00f3n de Atacama y la primera en el norte de Chile que cumple con todos los est\u00e1ndares para monitorear el mercado laboral. Es as\u00ed como, producto del trabajo realizado el a\u00f1o 2020, hoy nos entregan el primer informe de borde tecnol\u00f3gico enfocado en el \u00e1rea de la miner\u00eda. Informe que cuenta con nueve cap\u00edtulos, que nos permite visualizar desde el panorama de la equidad de g\u00e9nero en el sector minero, hasta un an\u00e1lisis del panorama internacional y nacional acerca del uso de las tecnolog\u00edas y la automatizaci\u00f3n en el sector. A su vez, tambi\u00e9n se abordan los perfiles laborales y las nuevas ocupaciones que, en un futuro, ser\u00e1n necesarias de trabajar en los planes de formaci\u00f3n que se han acelerado en los \u00faltimos a\u00f1os producto de la pandemia. Como servicio, estamos muy contentos y satisfechos con el trabajo del Observatorio Laboral y esperamos que esta informaci\u00f3n sea de utilidad, tanto para los servicios p\u00fablicos como para las empresas privadas y comunidad en general de nuestra regi\u00f3n y pa\u00eds, permiti\u00e9ndole a todos ellos tomar mejores decisiones el d\u00eda de ma\u00f1ana\u201d.<\/p>\n<p>Por su parte, Ra\u00fal D\u00edaz, Director del Observatorio Laboral de Atacama, se\u00f1al\u00f3 que \u201cLa implementaci\u00f3n de esta nueva Unidad de Vigilancia Tecnol\u00f3gica, nos permite ampliar nuestra bater\u00eda de informaci\u00f3n y campo de an\u00e1lisis, en funci\u00f3n de los cambios que se est\u00e1n produciendo en el mercado laboral. Temas asociados a la automatizaci\u00f3n, digitalizaci\u00f3n, rob\u00f3tica, electromovilidad, hidr\u00f3geno verde, reutilizaci\u00f3n de desechos minerales y derivados, tratamiento de aguas, entre otros temas, est\u00e1n siendo tendencia en otros pa\u00edses y, en el nuestro, estamos viendo un incipiente avance en la implementaci\u00f3n de estos cambios en nuestra industria minera. En tiempos acelerados, como el actual, es importante ver el comportamiento de estas transformaciones, m\u00e1s all\u00e1 de nuestras fronteras\u201d.<\/p>\n<p>Constanza Castillo, encargada de la Unidad de Vigilancia Tecnol\u00f3gica, manifest\u00f3 que \u201cEl sector de la miner\u00eda, as\u00ed como los otros sectores econ\u00f3micos, se han visto enfrentados a la llegada e incorporaci\u00f3n de nuevas tecnolog\u00edas, en lo que se ha llamado la puesta en marcha de la industria 4.0. Estas tecnolog\u00edas, debiesen ser utilizadas como una herramienta para el aumento de la seguridad laboral, la incorporaci\u00f3n de las mujeres, nuevos desaf\u00edos para una econom\u00eda circular y, con ello, avanzar en las potencialidades de la miner\u00eda secundaria, por ejemplo, a trav\u00e9s de la reutilizaci\u00f3n de residuos. Por \u00faltimo, tambi\u00e9n debemos avanzar en el desarrollo de nuevas competencias laborales para las personas trabajadoras y estudiantes asociados al sector\u201d.<\/p>\n<p>En la instancia, adem\u00e1s, se dio cuenta del trabajo realizado el 2020, donde destaca la realizaci\u00f3n de la segunda versi\u00f3n de la Encuesta Nacional de Demanda Laboral \u2013 ENADEL -, el levantamiento del Estudio de Miner\u00eda, de L\u00edderes Sectoriales, Estudio Comunal, Encuesta MIPE y Term\u00f3metro Laboral. Adem\u00e1s, se expuso sobre el plan de trabajo 2021, con el cual se busca generar informaci\u00f3n que sea \u00fatil para la reactivaci\u00f3n de los empleos en la regi\u00f3n de Atacama.<\/p>\n","protected":false},"excerpt":{"rendered":"<p>Una gran jornada se vivi\u00f3 en el cuarto y \u00faltimo Consejo Asesor 2020 del\u00a0Observatorio Laboral de Atacama, instancia en la que participaron autoridades, gremios, empresas&hellip; <\/p>\n","protected":false},"author":2,"featured_media":0,"comment_status":"open","ping_status":"closed","sticky":false,"template":"","format":"standard","meta":{"footnotes":""},"categories":[7],"tags":[],"class_list":["post-35408","post","type-post","status-publish","format-standard","hentry","category-atacama"],"_links":{"self":[{"href":"https:\/\/www.radioamigavallenar.cl\/index.php?rest_route=\/wp\/v2\/posts\/35408","targetHints":{"allow":["GET"]}}],"collection":[{"href":"https:\/\/www.radioamigavallenar.cl\/index.php?rest_route=\/wp\/v2\/posts"}],"about":[{"href":"https:\/\/www.radioamigavallenar.cl\/index.php?rest_route=\/wp\/v2\/types\/post"}],"author":[{"embeddable":true,"href":"https:\/\/www.radioamigavallenar.cl\/index.php?rest_route=\/wp\/v2\/users\/2"}],"replies":[{"embeddable":true,"href":"https:\/\/www.radioamigavallenar.cl\/index.php?rest_route=%2Fwp%2Fv2%2Fcomments&post=35408"}],"version-history":[{"count":1,"href":"https:\/\/www.radioamigavallenar.cl\/index.php?rest_route=\/wp\/v2\/posts\/35408\/revisions"}],"predecessor-version":[{"id":35410,"href":"https:\/\/www.radioamigavallenar.cl\/index.php?rest_route=\/wp\/v2\/posts\/35408\/revisions\/35410"}],"wp:attachment":[{"href":"https:\/\/www.radioamigavallenar.cl\/index.php?rest_route=%2Fwp%2Fv2%2Fmedia&parent=35408"}],"wp:term":[{"taxonomy":"category","embeddable":true,"href":"https:\/\/www.radioamigavallenar.cl\/index.php?rest_route=%2Fwp%2Fv2%2Fcategories&post=35408"},{"taxonomy":"post_tag","embeddable":true,"href":"https:\/\/www.radioamigavallenar.cl\/index.php?rest_route=%2Fwp%2Fv2%2Ftags&post=35408"}],"curies":[{"name":"wp","href":"https:\/\/api.w.org\/{rel}","templated":true}]}}