{"id":35401,"date":"2021-02-01T06:00:09","date_gmt":"2021-02-01T09:00:09","guid":{"rendered":"https:\/\/www.radioamigavallenar.cl\/?p=35401"},"modified":"2021-01-31T20:36:05","modified_gmt":"2021-01-31T23:36:05","slug":"pdi-detuvo-a-sujeto-que-vendia-drogas-en-redes-sociales","status":"publish","type":"post","link":"https:\/\/www.radioamigavallenar.cl\/?p=35401","title":{"rendered":"PDI de Atacama detuvo a sujeto que vend\u00eda drogas en Redes Sociales"},"content":{"rendered":"<p>Detectives del Grupo Investigativo Microtr\u00e1fico Cero (MT0) de la PDI de Atacama, detuvieron a un sujeto de 23 a\u00f1os de nacionalidad venezolana, por el delito de Tr\u00e1fico de Drogas en Peque\u00f1as Cantidades.<\/p>\n<p>En virtud a una investigaci\u00f3n coordinada con la Fiscal\u00eda Local de Copiap\u00f3 por el delito se\u00f1alado, detectives realizaron diversas diligencias investigativas facultadas por la Ley 20.000, a trav\u00e9s de las cuales lograron establecer que el imputado comercializaba sustancias il\u00edcitas utilizando plataformas digitales. Por lo que se procedi\u00f3 a la detenci\u00f3n en flagrancia del sujeto incautando 15,41 gramos de cannabis y $80.000 pesos en dinero en efectivo de distinta denominaci\u00f3n.<\/p>\n<p>Por lo anterior el fiscal a cargo de la investigaci\u00f3n, determin\u00f3 que el sujeto fuera puesto a disposici\u00f3n del Juzgado<\/p>\n","protected":false},"excerpt":{"rendered":"<p>Detectives del Grupo Investigativo Microtr\u00e1fico Cero (MT0) de la PDI de Atacama, detuvieron a un sujeto de 23 a\u00f1os de nacionalidad venezolana, por el delito&hellip; <\/p>\n","protected":false},"author":2,"featured_media":0,"comment_status":"open","ping_status":"closed","sticky":false,"template":"","format":"standard","meta":{"footnotes":""},"categories":[7],"tags":[],"class_list":["post-35401","post","type-post","status-publish","format-standard","hentry","category-atacama"],"_links":{"self":[{"href":"https:\/\/www.radioamigavallenar.cl\/index.php?rest_route=\/wp\/v2\/posts\/35401","targetHints":{"allow":["GET"]}}],"collection":[{"href":"https:\/\/www.radioamigavallenar.cl\/index.php?rest_route=\/wp\/v2\/posts"}],"about":[{"href":"https:\/\/www.radioamigavallenar.cl\/index.php?rest_route=\/wp\/v2\/types\/post"}],"author":[{"embeddable":true,"href":"https:\/\/www.radioamigavallenar.cl\/index.php?rest_route=\/wp\/v2\/users\/2"}],"replies":[{"embeddable":true,"href":"https:\/\/www.radioamigavallenar.cl\/index.php?rest_route=%2Fwp%2Fv2%2Fcomments&post=35401"}],"version-history":[{"count":2,"href":"https:\/\/www.radioamigavallenar.cl\/index.php?rest_route=\/wp\/v2\/posts\/35401\/revisions"}],"predecessor-version":[{"id":35404,"href":"https:\/\/www.radioamigavallenar.cl\/index.php?rest_route=\/wp\/v2\/posts\/35401\/revisions\/35404"}],"wp:attachment":[{"href":"https:\/\/www.radioamigavallenar.cl\/index.php?rest_route=%2Fwp%2Fv2%2Fmedia&parent=35401"}],"wp:term":[{"taxonomy":"category","embeddable":true,"href":"https:\/\/www.radioamigavallenar.cl\/index.php?rest_route=%2Fwp%2Fv2%2Fcategories&post=35401"},{"taxonomy":"post_tag","embeddable":true,"href":"https:\/\/www.radioamigavallenar.cl\/index.php?rest_route=%2Fwp%2Fv2%2Ftags&post=35401"}],"curies":[{"name":"wp","href":"https:\/\/api.w.org\/{rel}","templated":true}]}}