{"id":35398,"date":"2021-02-01T06:00:18","date_gmt":"2021-02-01T09:00:18","guid":{"rendered":"https:\/\/www.radioamigavallenar.cl\/?p=35398"},"modified":"2021-01-31T20:34:57","modified_gmt":"2021-01-31T23:34:57","slug":"mindep-ind-firman-convenio-con-injuv-para-fomentar-el-deporte-en-los-jovenes-de-atacama","status":"publish","type":"post","link":"https:\/\/www.radioamigavallenar.cl\/?p=35398","title":{"rendered":"MINDEP-IND firman convenio con INJUV para fomentar el deporte en los j\u00f3venes de Atacama"},"content":{"rendered":"<p><strong>Acuerdo se enmarca en los objetivos de la Pol\u00edtica Regional de Actividad F\u00edsica y Deporte que busca dar m\u00e1s espacios y alternativas de participaci\u00f3n deportiva de la poblaci\u00f3n atacame\u00f1a.<\/strong><span id=\"more-236021\"><\/span><\/p>\n<p><strong>\u00a0<\/strong><br \/>\nUna buena noticia para los j\u00f3venes de Atacama se produjo este jueves con la firma del \u201cConvenio de Colaboraci\u00f3n\u201d entre el Mindep-IND e Injuv Atacama, que fortalecer\u00e1 el trabajo intersectorial entre ambos organismos\u00a0para desarrollar y fortalecer la actividad f\u00edsica y el deporte en la regi\u00f3n, especialmente en la poblaci\u00f3n juvenil de 15 a 29 a\u00f1os.<\/p>\n<p>La ceremonia, realizada en el sal\u00f3n de reuniones del Mindep-IND Atacama, estuvo encabezada por el Seremi del Deporte, Guillermo Procuriza, la Directora del Injuv, Francisca Z\u00e1rate y la Directora (S) del IND Atacama, Heddy Escalante, quienes establecieron este acuerdo interinstitucional que reafirma el trabajo que realizan ambas instituciones en beneficio de una mejor calidad de vida de los j\u00f3venes.<\/p>\n<p>Al respecto, el Secretario Regional Ministerial del Deporte, indic\u00f3:\u00a0\u201cEstamos muy contentos con la firma de este Convenio, porque nuestros talleres y programas se ver\u00e1n fortalecidos al potenciar la oferta program\u00e1tica de ambos servicios. Igualmente, reforzaremos la promoci\u00f3n de la actividad f\u00edsica y deporte en las diferentes jornadas que sean ejecutadas por ambas instituciones. Estamos seguros de que a trav\u00e9s de un trabajo colaborativo podremos llegar a m\u00e1s j\u00f3venes, quienes, a trav\u00e9s de la pr\u00e1ctica regular de actividad f\u00edsica, pueden hacer suyos los valores del deporte, como el juego limpio, la sana convivencia, el respeto, la superaci\u00f3n y la vida sana\u201d<\/p>\n<p>Por su parte, la Directora del Injuv Atacama, se\u00f1al\u00f3 sobre este acuerdo de trabajo interinstitucional: \u201cEs muy \u00f3ptimo para nuestros j\u00f3venes. Adem\u00e1s, los dejamos invitados\u00a0a participar de los fondos concursables 2021, en especial a los clubes deportivos de conformidad a la letra A del art\u00edculo N\u00b032 de la Ley del Deporte 19712\u201d.<\/p>\n","protected":false},"excerpt":{"rendered":"<p>Acuerdo se enmarca en los objetivos de la Pol\u00edtica Regional de Actividad F\u00edsica y Deporte que busca dar m\u00e1s espacios y alternativas de participaci\u00f3n deportiva&hellip; <\/p>\n","protected":false},"author":2,"featured_media":0,"comment_status":"open","ping_status":"closed","sticky":false,"template":"","format":"standard","meta":{"footnotes":""},"categories":[7],"tags":[],"class_list":["post-35398","post","type-post","status-publish","format-standard","hentry","category-atacama"],"_links":{"self":[{"href":"https:\/\/www.radioamigavallenar.cl\/index.php?rest_route=\/wp\/v2\/posts\/35398","targetHints":{"allow":["GET"]}}],"collection":[{"href":"https:\/\/www.radioamigavallenar.cl\/index.php?rest_route=\/wp\/v2\/posts"}],"about":[{"href":"https:\/\/www.radioamigavallenar.cl\/index.php?rest_route=\/wp\/v2\/types\/post"}],"author":[{"embeddable":true,"href":"https:\/\/www.radioamigavallenar.cl\/index.php?rest_route=\/wp\/v2\/users\/2"}],"replies":[{"embeddable":true,"href":"https:\/\/www.radioamigavallenar.cl\/index.php?rest_route=%2Fwp%2Fv2%2Fcomments&post=35398"}],"version-history":[{"count":1,"href":"https:\/\/www.radioamigavallenar.cl\/index.php?rest_route=\/wp\/v2\/posts\/35398\/revisions"}],"predecessor-version":[{"id":35400,"href":"https:\/\/www.radioamigavallenar.cl\/index.php?rest_route=\/wp\/v2\/posts\/35398\/revisions\/35400"}],"wp:attachment":[{"href":"https:\/\/www.radioamigavallenar.cl\/index.php?rest_route=%2Fwp%2Fv2%2Fmedia&parent=35398"}],"wp:term":[{"taxonomy":"category","embeddable":true,"href":"https:\/\/www.radioamigavallenar.cl\/index.php?rest_route=%2Fwp%2Fv2%2Fcategories&post=35398"},{"taxonomy":"post_tag","embeddable":true,"href":"https:\/\/www.radioamigavallenar.cl\/index.php?rest_route=%2Fwp%2Fv2%2Ftags&post=35398"}],"curies":[{"name":"wp","href":"https:\/\/api.w.org\/{rel}","templated":true}]}}