{"id":35396,"date":"2021-02-01T06:00:53","date_gmt":"2021-02-01T09:00:53","guid":{"rendered":"https:\/\/www.radioamigavallenar.cl\/?p=35396"},"modified":"2021-01-31T20:34:07","modified_gmt":"2021-01-31T23:34:07","slug":"alerta-temprana-preventiva-para-cuatro-comunas-de-atacama-por-vientos-en-cordillera","status":"publish","type":"post","link":"https:\/\/www.radioamigavallenar.cl\/?p=35396","title":{"rendered":"Alerta Temprana Preventiva para cuatro comunas de Atacama por vientos en Cordillera"},"content":{"rendered":"<p>De acuerdo con la informaci\u00f3n proporcionada por la Direcci\u00f3n Meteorol\u00f3gica de Chile, mediante su Aviso Meteorol\u00f3gico CNA A24\/2021 emitido durante la presente jornada, indica que entre los d\u00edas lunes 01 y martes 02 de febrero, se prev\u00e9 la ocurrencia de viento de intensidad normal a moderada en cordillera de la Regi\u00f3n de Atacama.<\/p>\n<p>En consideraci\u00f3n a este antecedente, que supone un aumento del riesgo asociado a esta variable meteorol\u00f3gica, la Direcci\u00f3n Regional de ONEMI Atacama\u00a0declara \u00a0Alerta Temprana Preventiva\u00a0para las comunas de Diego de Almagro, Copiap\u00f3, Tierra Amarilla y Alto del Carmen, por viento, vigente a contar de hoy y hasta que las condiciones as\u00ed lo ameriten.<\/p>\n<p>La declaraci\u00f3n de esta alerta, se constituye como un estado de reforzamiento de la vigilancia, mediante el monitoreo preciso y riguroso de las condiciones de riesgo y las respectivas vulnerabilidades asociadas a la amenaza, coordinando y activando al Sistema de Protecci\u00f3n Civil con el fin de actuar oportunamente frente a eventuales situaciones de emergencia.<\/p>\n","protected":false},"excerpt":{"rendered":"<p>De acuerdo con la informaci\u00f3n proporcionada por la Direcci\u00f3n Meteorol\u00f3gica de Chile, mediante su Aviso Meteorol\u00f3gico CNA A24\/2021 emitido durante la presente jornada, indica que&hellip; <\/p>\n","protected":false},"author":2,"featured_media":0,"comment_status":"open","ping_status":"closed","sticky":false,"template":"","format":"standard","meta":{"footnotes":""},"categories":[7],"tags":[],"class_list":["post-35396","post","type-post","status-publish","format-standard","hentry","category-atacama"],"_links":{"self":[{"href":"https:\/\/www.radioamigavallenar.cl\/index.php?rest_route=\/wp\/v2\/posts\/35396","targetHints":{"allow":["GET"]}}],"collection":[{"href":"https:\/\/www.radioamigavallenar.cl\/index.php?rest_route=\/wp\/v2\/posts"}],"about":[{"href":"https:\/\/www.radioamigavallenar.cl\/index.php?rest_route=\/wp\/v2\/types\/post"}],"author":[{"embeddable":true,"href":"https:\/\/www.radioamigavallenar.cl\/index.php?rest_route=\/wp\/v2\/users\/2"}],"replies":[{"embeddable":true,"href":"https:\/\/www.radioamigavallenar.cl\/index.php?rest_route=%2Fwp%2Fv2%2Fcomments&post=35396"}],"version-history":[{"count":1,"href":"https:\/\/www.radioamigavallenar.cl\/index.php?rest_route=\/wp\/v2\/posts\/35396\/revisions"}],"predecessor-version":[{"id":35397,"href":"https:\/\/www.radioamigavallenar.cl\/index.php?rest_route=\/wp\/v2\/posts\/35396\/revisions\/35397"}],"wp:attachment":[{"href":"https:\/\/www.radioamigavallenar.cl\/index.php?rest_route=%2Fwp%2Fv2%2Fmedia&parent=35396"}],"wp:term":[{"taxonomy":"category","embeddable":true,"href":"https:\/\/www.radioamigavallenar.cl\/index.php?rest_route=%2Fwp%2Fv2%2Fcategories&post=35396"},{"taxonomy":"post_tag","embeddable":true,"href":"https:\/\/www.radioamigavallenar.cl\/index.php?rest_route=%2Fwp%2Fv2%2Ftags&post=35396"}],"curies":[{"name":"wp","href":"https:\/\/api.w.org\/{rel}","templated":true}]}}