{"id":35393,"date":"2021-02-01T06:00:01","date_gmt":"2021-02-01T09:00:01","guid":{"rendered":"https:\/\/www.radioamigavallenar.cl\/?p=35393"},"modified":"2021-01-31T20:32:22","modified_gmt":"2021-01-31T23:32:22","slug":"denuncia-permitio-detener-a-peligroso-delincuente-en-diego-de-almagro","status":"publish","type":"post","link":"https:\/\/www.radioamigavallenar.cl\/?p=35393","title":{"rendered":"Denuncia permiti\u00f3 detener a peligroso delincuente en Diego de Almagro"},"content":{"rendered":"<p>El imputado mantiene antecedentes penales por delitos de Robo en lugar habitado, amenazas a Carabineros, violencia intrafamiliar y abigeato. Adem\u00e1s de una medida de libertad vigilada con sistema de tobillera.<span id=\"more-236077\"><\/span><\/p>\n<p>La denuncia telef\u00f3nica de un vecino de la comuna de Diego de Almagro, permiti\u00f3\u00a0 a Carabineros capturar al delincuente de iniciales M.N.S.A., de 25 a\u00f1os, mantiene a su haber antecedentes penales por diversos delitos.<\/p>\n<p>De acuerdo a los antecedentes, carabineros se moviliz\u00f3 hasta un domicilio de la poblaci\u00f3n Ampliaci\u00f3n Torreblanca, donde sus moradores hab\u00edan sido v\u00edctimas de un delito de Robo en lugar Habitado, donde la\u00a0 v\u00edctima se\u00f1al\u00f3 que en horas de la ma\u00f1ana\u00a0 se encontraba en su domicilio durmiendo, cuando su pareja le se\u00f1ala haber visto pasar por el pasillo a una persona, para luego observar a un hombre adulto abrir la ventana de la pieza y asomarse.<\/p>\n<p>A ra\u00edz de lo anterior, el due\u00f1o de casa se levanta y se inicia un forcejeo entre la v\u00edctima y delincuente, logrando arrebatarle un gorro del tipo jockey al antisocial. Lapso de tiempo donde la v\u00edctima pudo adem\u00e1s observar caracter\u00edsticas f\u00edsicas y vestimentas del antisocial, quien logra huir del lugar saltando del balc\u00f3n del segundo piso.<\/p>\n<p>Gracias a los antecedentes proporcionados, Carabineros logr\u00f3 establecer la identidad y domicilio del sujeto. Con la autorizaci\u00f3n de la due\u00f1a de casa, Carabineros ingresa al inmueble del delincuente logrando su detenci\u00f3n. Adem\u00e1s de incautar la ropa que vest\u00eda el imputado al momento de cometer el il\u00edcito.<\/p>\n<p>El Fiscal de turno instruy\u00f3 que el imputado pasara a control de detenci\u00f3n a primera audiencia.<\/p>\n","protected":false},"excerpt":{"rendered":"<p>El imputado mantiene antecedentes penales por delitos de Robo en lugar habitado, amenazas a Carabineros, violencia intrafamiliar y abigeato. Adem\u00e1s de una medida de libertad&hellip; <\/p>\n","protected":false},"author":2,"featured_media":0,"comment_status":"open","ping_status":"closed","sticky":false,"template":"","format":"standard","meta":{"footnotes":""},"categories":[7],"tags":[],"class_list":["post-35393","post","type-post","status-publish","format-standard","hentry","category-atacama"],"_links":{"self":[{"href":"https:\/\/www.radioamigavallenar.cl\/index.php?rest_route=\/wp\/v2\/posts\/35393","targetHints":{"allow":["GET"]}}],"collection":[{"href":"https:\/\/www.radioamigavallenar.cl\/index.php?rest_route=\/wp\/v2\/posts"}],"about":[{"href":"https:\/\/www.radioamigavallenar.cl\/index.php?rest_route=\/wp\/v2\/types\/post"}],"author":[{"embeddable":true,"href":"https:\/\/www.radioamigavallenar.cl\/index.php?rest_route=\/wp\/v2\/users\/2"}],"replies":[{"embeddable":true,"href":"https:\/\/www.radioamigavallenar.cl\/index.php?rest_route=%2Fwp%2Fv2%2Fcomments&post=35393"}],"version-history":[{"count":1,"href":"https:\/\/www.radioamigavallenar.cl\/index.php?rest_route=\/wp\/v2\/posts\/35393\/revisions"}],"predecessor-version":[{"id":35395,"href":"https:\/\/www.radioamigavallenar.cl\/index.php?rest_route=\/wp\/v2\/posts\/35393\/revisions\/35395"}],"wp:attachment":[{"href":"https:\/\/www.radioamigavallenar.cl\/index.php?rest_route=%2Fwp%2Fv2%2Fmedia&parent=35393"}],"wp:term":[{"taxonomy":"category","embeddable":true,"href":"https:\/\/www.radioamigavallenar.cl\/index.php?rest_route=%2Fwp%2Fv2%2Fcategories&post=35393"},{"taxonomy":"post_tag","embeddable":true,"href":"https:\/\/www.radioamigavallenar.cl\/index.php?rest_route=%2Fwp%2Fv2%2Ftags&post=35393"}],"curies":[{"name":"wp","href":"https:\/\/api.w.org\/{rel}","templated":true}]}}