{"id":35390,"date":"2021-01-30T09:58:01","date_gmt":"2021-01-30T12:58:01","guid":{"rendered":"https:\/\/www.radioamigavallenar.cl\/?p=35390"},"modified":"2021-01-30T09:58:01","modified_gmt":"2021-01-30T12:58:01","slug":"presidente-pinera-encabeza-tercer-consejo-de-gabinete-anual-en-la-moneda-hemos-fijado-una-hoja-de-ruta-prioridades-que-coinciden-con-las-preocupaciones-y-con-los-anhelos-de-los-chilenos","status":"publish","type":"post","link":"https:\/\/www.radioamigavallenar.cl\/?p=35390","title":{"rendered":"Presidente Pi\u00f1era encabeza tercer Consejo de Gabinete anual en La Moneda: \u201cHemos fijado una hoja de ruta, prioridades que coinciden con las preocupaciones y con los anhelos de los chilenos\u201d"},"content":{"rendered":"<p><span id=\"main_ltBajada\">Las prioridades incluyen el combate a la pandemia del coronavirus y el Plan de Vacunaci\u00f3n, fortalecer la red de protecci\u00f3n social, recuperar los empleos, reactivar la econom\u00eda, avanzar en las reformas a la salud y las pensiones y garantizar el proceso constitucional.<\/span><\/p>\n<p id=\"rslectura\" align=\"justify\">El Presidente de la Rep\u00fablica, Sebasti\u00e1n Pi\u00f1era, encabez\u00f3 este viernes el tercer Consejo de Gabinete anual de su mandato para coordinar las prioridades del Gobierno para 2021.<\/p>\n<p>En el Consejo,que se realiz\u00f3 en el Palacio de La Moneda, participaron ministros y subsecretarios.<\/p>\n<p>La reuni\u00f3n estuvo estructurada en torno a cuatro grandes ejes: Agenda Econ\u00f3mica; Agenda Social; Agenda Institucional y de Seguridad P\u00fablica; y Agenda de Infraestructura y Calidad de Vida.<\/p>\n<p>Los siete ejes del programa de Gobierno para el a\u00f1o 2021 son el combate a la pandemia del coronavirus y el Plan de Vacunaci\u00f3n, que contempla inocular a 15 millones de personas en el primer semestre; fortalecer la Red de Protecci\u00f3n Social para los hogares vulnerables; recuperar los empleos perdidos y reactivar la econom\u00eda; fortalecer la seguridad ciudadana y el orden p\u00fablico; reformar el sistema de salud, para garantizar un Plan de Salud Universal; la segunda etapa de la reforma previsional, para favorecer a 800 mil pensionados de clase media y mujeres; y garantizar el desarrollo ejemplar del proceso constituyente.<\/p>\n<p>\u201cEsas son las 7 grandes prioridades, los 7 compromisos, la carta de navegaci\u00f3n, la hoja de ruta de nuestro Gobierno\u201d, concluy\u00f3 el Jefe de Estado.<\/p>\n","protected":false},"excerpt":{"rendered":"<p>Las prioridades incluyen el combate a la pandemia del coronavirus y el Plan de Vacunaci\u00f3n, fortalecer la red de protecci\u00f3n social, recuperar los empleos, reactivar&hellip; <\/p>\n","protected":false},"author":2,"featured_media":0,"comment_status":"open","ping_status":"closed","sticky":false,"template":"","format":"standard","meta":{"footnotes":""},"categories":[37],"tags":[],"class_list":["post-35390","post","type-post","status-publish","format-standard","hentry","category-nacional"],"_links":{"self":[{"href":"https:\/\/www.radioamigavallenar.cl\/index.php?rest_route=\/wp\/v2\/posts\/35390","targetHints":{"allow":["GET"]}}],"collection":[{"href":"https:\/\/www.radioamigavallenar.cl\/index.php?rest_route=\/wp\/v2\/posts"}],"about":[{"href":"https:\/\/www.radioamigavallenar.cl\/index.php?rest_route=\/wp\/v2\/types\/post"}],"author":[{"embeddable":true,"href":"https:\/\/www.radioamigavallenar.cl\/index.php?rest_route=\/wp\/v2\/users\/2"}],"replies":[{"embeddable":true,"href":"https:\/\/www.radioamigavallenar.cl\/index.php?rest_route=%2Fwp%2Fv2%2Fcomments&post=35390"}],"version-history":[{"count":1,"href":"https:\/\/www.radioamigavallenar.cl\/index.php?rest_route=\/wp\/v2\/posts\/35390\/revisions"}],"predecessor-version":[{"id":35392,"href":"https:\/\/www.radioamigavallenar.cl\/index.php?rest_route=\/wp\/v2\/posts\/35390\/revisions\/35392"}],"wp:attachment":[{"href":"https:\/\/www.radioamigavallenar.cl\/index.php?rest_route=%2Fwp%2Fv2%2Fmedia&parent=35390"}],"wp:term":[{"taxonomy":"category","embeddable":true,"href":"https:\/\/www.radioamigavallenar.cl\/index.php?rest_route=%2Fwp%2Fv2%2Fcategories&post=35390"},{"taxonomy":"post_tag","embeddable":true,"href":"https:\/\/www.radioamigavallenar.cl\/index.php?rest_route=%2Fwp%2Fv2%2Ftags&post=35390"}],"curies":[{"name":"wp","href":"https:\/\/api.w.org\/{rel}","templated":true}]}}