{"id":35384,"date":"2021-01-30T09:00:42","date_gmt":"2021-01-30T12:00:42","guid":{"rendered":"https:\/\/www.radioamigavallenar.cl\/?p=35384"},"modified":"2021-01-30T09:50:54","modified_gmt":"2021-01-30T12:50:54","slug":"carabineros-busca-a-2-migrantes-con-covid-19-que-escaparon-de-una-residencia-sanitaria-de-iquique","status":"publish","type":"post","link":"https:\/\/www.radioamigavallenar.cl\/?p=35384","title":{"rendered":"Carabineros busca a 2 migrantes con covid-19 que escaparon de una residencia sanitaria de Iquique"},"content":{"rendered":"<p>Carabineros trabaj\u00f3 en un procedimiento luego de la fuga de 4 personas, todos migrantes venezolanos, quienes cumpl\u00edan cuarentenas obligatorias, al interior de una residencia sanitaria en el sector de Cavancha, por estar\u00a0<strong>contagiados de covid-19.<\/strong><\/p>\n<p>Durante la tarde de este viernes, se confirm\u00f3 que dos de ellos fueron detenidos por Carabineros en el sector de\u00a0<strong>Playa Bellavista<\/strong>, detr\u00e1s de la Intendencia Regional.<\/p>\n<p>En tanto, las otras dos personas estaban siendo buscando por la polic\u00eda uniformada, debido a que se expone al resto de la ciudadan\u00eda dada su condici\u00f3n de casos positivos para covid-19.<\/p>\n","protected":false},"excerpt":{"rendered":"<p>Carabineros trabaj\u00f3 en un procedimiento luego de la fuga de 4 personas, todos migrantes venezolanos, quienes cumpl\u00edan cuarentenas obligatorias, al interior de una residencia sanitaria&hellip; <\/p>\n","protected":false},"author":2,"featured_media":0,"comment_status":"open","ping_status":"closed","sticky":false,"template":"","format":"standard","meta":{"footnotes":""},"categories":[37],"tags":[],"class_list":["post-35384","post","type-post","status-publish","format-standard","hentry","category-nacional"],"_links":{"self":[{"href":"https:\/\/www.radioamigavallenar.cl\/index.php?rest_route=\/wp\/v2\/posts\/35384","targetHints":{"allow":["GET"]}}],"collection":[{"href":"https:\/\/www.radioamigavallenar.cl\/index.php?rest_route=\/wp\/v2\/posts"}],"about":[{"href":"https:\/\/www.radioamigavallenar.cl\/index.php?rest_route=\/wp\/v2\/types\/post"}],"author":[{"embeddable":true,"href":"https:\/\/www.radioamigavallenar.cl\/index.php?rest_route=\/wp\/v2\/users\/2"}],"replies":[{"embeddable":true,"href":"https:\/\/www.radioamigavallenar.cl\/index.php?rest_route=%2Fwp%2Fv2%2Fcomments&post=35384"}],"version-history":[{"count":1,"href":"https:\/\/www.radioamigavallenar.cl\/index.php?rest_route=\/wp\/v2\/posts\/35384\/revisions"}],"predecessor-version":[{"id":35386,"href":"https:\/\/www.radioamigavallenar.cl\/index.php?rest_route=\/wp\/v2\/posts\/35384\/revisions\/35386"}],"wp:attachment":[{"href":"https:\/\/www.radioamigavallenar.cl\/index.php?rest_route=%2Fwp%2Fv2%2Fmedia&parent=35384"}],"wp:term":[{"taxonomy":"category","embeddable":true,"href":"https:\/\/www.radioamigavallenar.cl\/index.php?rest_route=%2Fwp%2Fv2%2Fcategories&post=35384"},{"taxonomy":"post_tag","embeddable":true,"href":"https:\/\/www.radioamigavallenar.cl\/index.php?rest_route=%2Fwp%2Fv2%2Ftags&post=35384"}],"curies":[{"name":"wp","href":"https:\/\/api.w.org\/{rel}","templated":true}]}}