{"id":35381,"date":"2021-01-30T09:02:18","date_gmt":"2021-01-30T12:02:18","guid":{"rendered":"https:\/\/www.radioamigavallenar.cl\/?p=35381"},"modified":"2021-01-30T09:46:55","modified_gmt":"2021-01-30T12:46:55","slug":"heraldo-munoz-precandidato-presidencial-del-ppd-atacama-tiene-condiciones-enormes-para-poder-desarrollarse-con-una-descentralizacion-efectiva","status":"publish","type":"post","link":"https:\/\/www.radioamigavallenar.cl\/?p=35381","title":{"rendered":"Heraldo Mu\u00f1oz, precandidato presidencial del PPD: \u201cAtacama tiene condiciones enormes para poder desarrollarse con una descentralizaci\u00f3n efectiva\u201d"},"content":{"rendered":"<p>El ex canciller, actual timonel del PPD y una de las cartas presidenciales dentro de la colectividad, que realizar\u00e1 primarias para elegir a su candidato este domingo 31 de enero, convers\u00f3 con Diario Cha\u00f1arcillo sobre sus principales propuestas, el estado actual del pa\u00eds, y el potencial que a su juicio tiene Atacama para alcanzar el desarrollo mediante una descentralizaci\u00f3n efectiva.<\/p>\n<p>El ex Ministro de Relaciones Exteriores y precandidato presidencial del PPD, Heraldo Mu\u00f1oz, que cuenta entre su trayectoria el haber encabezado exitosamente la defensa de Chile ante la demanda mar\u00edtima boliviana, y que competir\u00e1 en las primarias de su partido a desarrollarse este domingo 31 de enero,habl\u00f3 sobre las principales propuestas de su candidatura, centradas en la descentralizaci\u00f3n y el aumento de la justicia tributaria para lograr mayor inversi\u00f3n social. Adem\u00e1s, se refiri\u00f3 al manejo de la pandemia de parte del gobierno, y habl\u00f3 sobre el potencial que tiene la regi\u00f3n de Atacama dentro del futuro del pa\u00eds.<\/p>\n<p style=\"text-align: center;\"><strong>\u00bfQu\u00e9 lo motiv\u00f3 a presentar su precandidatura presidencial?<\/strong><\/p>\n<div class=\"code-block code-block-3\"><\/div>\n<p>R: \u201cEs algo que yo nunca imagin\u00e9, porque la mayor\u00eda de la gente me conoce como canciller de la rep\u00fablica, por haber defendido a Chile en La Haya, ante la demanda mar\u00edtima boliviana, que derrotamos de manera categ\u00f3rica, con gran \u00e9xito para Chile, pero he tenido tambi\u00e9n una trayectoria en otros \u00e1mbitos, y ahora quiero poner esa experiencia a disposici\u00f3n del pa\u00eds, en momentos muy dif\u00edciles, nunca pens\u00e9 estar en esta situaci\u00f3n de ser precandidato a presidente de la rep\u00fablica, y sin embargo lo hago porque creo que hay una iniciativa colectiva que me anima a presentarme como pre candidato en la primaria que se va a realizar el domingo 31 de enero,\u00a0 en una primaria abierta a la ciudadan\u00eda donde todos pueden votar\u201d.<\/p>\n<p>\u201cEsta es una iniciativa colectiva para avanzar hacia un Chile m\u00e1s digno, un Chile m\u00e1s justo, m\u00e1s humanitario, desde el 18 de octubre, y agudizado esto con la pandemia, hemos visto que el pa\u00eds, ha sufrido especialmente en su clase media y en los sectores m\u00e1s vulnerables, \u00a0y por lo tanto mi candidatura que surge de una iniciativa colectiva entre dirigentes, las bases, juntas de vecinos, e independientes, pretende que avancemos hacia un pa\u00eds m\u00e1s dialogante, que pueda tener acuerdos para tener un Estado de bienestar, es decir, que pueda garantizar derechos y disminuir la desigualdad. Derechos como una salud p\u00fablica gratuita y de calidad, con medicamentos, con la posibilidad de tener una educaci\u00f3n de alta calidad para todas y todos, pensiones dignas, la posibilidad de acceso a la vivienda\u201d.<\/p>\n<p style=\"text-align: center;\"><strong>\u00bfQu\u00e9 rol ocupa la descentralizaci\u00f3n del pa\u00eds dentro de sus propuestas?<\/strong><\/p>\n<p>R: \u201cProponemos una descentralizaci\u00f3n \u201cen serio\u201d, con poder, ustedes all\u00e1 en el norte saben muy bien que es necesario que Chile sea menos centralista, y todo esto ser\u00eda pura demagogia, si no estuviera sustentado en algo, y por eso lo que hago es una propuesta, para tener justicia tributaria, es decir que paguen m\u00e1s los que tienen m\u00e1s, y eso puede ser a trav\u00e9s de impedir la evasi\u00f3n, y que tributen m\u00e1s el 1% m\u00e1s rico del pa\u00eds, eso nos ayudar\u00eda a financiar las reformas\u201d.<\/p>\n<p style=\"text-align: center;\"><strong>\u00bfQu\u00e9 reformas de orden tributario propone su candidatura?<\/strong><\/p>\n<p>R: \u201cPodemos tener m\u00e1s impuestos directos, \u00a0no impuestos indirectos que son regresivos, como el IVA, incluso devolver el IVA a los sectores m\u00e1s vulnerables, de ser posible, eliminar algunas de las exenciones a las ganancias de capital, tener m\u00e1s impuestos verdes, porque las empresas termoel\u00e9ctricas por ejemplo, que producen CO2, carbono, pagan 5 d\u00f3lares la tonelada cuando en los pa\u00edses desarrollados pagan 40, si subi\u00e9ramos a 30 gradualmente podr\u00edamos tener un fondo de unos mil millones de d\u00f3lares como para ir invirtiendo\u201d.<\/p>\n<p>\u201cMi propuesta entonces se basa en un acuerdo para mayor justicia tributaria, y eso a mi juicio es fundamental, y no se trata solo de incrementar impuestos a las empresas, se trata incluso de disminuirlos a las que inviertan en ciencia y tecnolog\u00eda, en innovaci\u00f3n, porque ah\u00ed est\u00e1 el futuro de nuestro pa\u00eds, y en definitiva para invertir en recuperaci\u00f3n econ\u00f3mica, debemos salvar vidas por la pandemia, y recuperar empleo, hay mucho empleo que se est\u00e1 perdiendo ahora que tenemos esta situaci\u00f3n de cuarentena en muchas comunas, y esto obliga a las empresas a cerrar, al comercio, a la industria tur\u00edstica, ah\u00ed hay un da\u00f1o enorme, y es necesario invertir para subsidiar empleo, esa es una de las cosas en que sustento mi candidatura\u201d.<\/p>\n<p style=\"text-align: center;\"><strong>A su juicio, \u00bfc\u00f3mo ha sido el manejo de la pandemia de parte del actual gobierno?<\/strong><\/p>\n<p>R: \u201cCreo que el del gobierno ha sido un manejo de la pandemia absolutamente err\u00e1tico, porque en un primer momento el gobierno se centr\u00f3 primeramente en lo curativo, en importar por ejemplo ventiladores, centrarse en las camas cr\u00edticas, y a mi juicio eso fue una estrategia absolutamente errada porque los pa\u00edses que han sido exitosos, como Nueva Zelanda, se centraron en la prevenci\u00f3n, en el testeo y la trazabilidad y el aislamiento para que no hubieran m\u00e1s contagios, sin embargo el gobierno sigui\u00f3 otro camino, y no hubo testeos hasta muy tarde, no hubo trazabilidad hasta recientemente y de manera irregular, e incluso las residencias sanitarias no han estado\u00a0 ocupadas al m\u00e1ximo, porque no ha habido esa presi\u00f3n para que las personas contagiadas est\u00e9n ah\u00ed si no tienen las condiciones en sus casas\u201d.<\/p>\n<p>\u201cAhora, en esta otra etapa, yo creo que el gobierno ha hecho todo lo posible para traer las vacunas,\u00a0 y eso hay que reconocerlo, se dedic\u00f3 a buscar las vacunas y las tendremos, pero no sabemos cu\u00e1ntas y en qu\u00e9 plazo, aunque debemos reconocer que en esta etapa el gobierno ha sido m\u00e1s dialogante, con el doctor Paris a la cabeza en salud, ha escuchado un poco m\u00e1s, y eso siempre hay que valorarlo, pero creo que ha sido una estrategia muy equivocada desde el inicio, y ha costado recuperarnos de esos errores iniciales, porque los pa\u00edses que lo est\u00e1n haciendo bien son los que pusieron \u00e9nfasis en lo preventivo en vez de lo curativo\u201d.<\/p>\n<p style=\"text-align: center;\"><strong>\u00bfQu\u00e9 visi\u00f3n tiene usted de la regi\u00f3n de Atacama y que rol ocupar\u00eda en su eventual programa de gobierno?<\/strong><\/p>\n<p>R: \u201cEn Atacama, donde tenemos grandes candidatos, como Octavio Meneses, candidato a constituyente, a Brunilda Gonz\u00e1lez, nuestra alcaldesa de Caldera que va a la reelecci\u00f3n, Carmen Hidalgo, candidata en Huasco, donde tenemos una presencia significativa, yo dir\u00eda que Atacama tiene grandes condiciones, como de un desarrollo tur\u00edstico potencial equilibrado, en el marco del desarrollo sustentable, porque las playas de Atacama son conocidas a nivel nacional, entonces ah\u00ed por ejemplo hay posibilidades de desarrollo, \u00a0que vaya m\u00e1s all\u00e1 de lo minero, que es el fuerte de la regi\u00f3n. Creo que hay que ir expandiendo las oportunidades econ\u00f3micas de Atacama. Adem\u00e1s creo que m\u00e1s all\u00e1 de Atacama, las regiones deben tener m\u00e1s poder, entonces tenemos que pensar en un Estado unitario, pero descentralizado, una descentralizaci\u00f3n con poder, por ejemplo, que las empresas que est\u00e1n operando en Atacama, pero que est\u00e1n tributando en Santiago, dejen una parte de los impuestos en la regi\u00f3n, porque es injusto que las empresas que operan ah\u00ed, inviertan sus impuestos o los paguen en Santiago en vez de pagar una proporci\u00f3n en la regi\u00f3n,\u00a0 y esa es una propuesta que hemos hecho, una parte de sus impuestos debiera quedar en la regi\u00f3n, y debemos seguir en esa direcci\u00f3n, por el desarrollo sustentable, el uso del agua por ejemplo, es fundamental, est\u00e1 escaseando en todos lados, tiene que ser un recurso humano, para su consumo, para la agricultura, y la desalinizaci\u00f3n es una alternativa importante que las mineras deben usar, y creo que es necesario hacer una contribuci\u00f3n en ese sentido, tenemos mucho por hacer todav\u00eda, y Atacama tiene condiciones enormes para poder desarrollarse, con turismo sustentable, una miner\u00eda verde, que sea m\u00e1s sustentable y con m\u00e1s tecnolog\u00eda\u201d.<\/p>\n","protected":false},"excerpt":{"rendered":"<p>El ex canciller, actual timonel del PPD y una de las cartas presidenciales dentro de la colectividad, que realizar\u00e1 primarias para elegir a su candidato&hellip; <\/p>\n","protected":false},"author":2,"featured_media":0,"comment_status":"open","ping_status":"closed","sticky":false,"template":"","format":"standard","meta":{"footnotes":""},"categories":[38],"tags":[],"class_list":["post-35381","post","type-post","status-publish","format-standard","hentry","category-portada-regional"],"_links":{"self":[{"href":"https:\/\/www.radioamigavallenar.cl\/index.php?rest_route=\/wp\/v2\/posts\/35381","targetHints":{"allow":["GET"]}}],"collection":[{"href":"https:\/\/www.radioamigavallenar.cl\/index.php?rest_route=\/wp\/v2\/posts"}],"about":[{"href":"https:\/\/www.radioamigavallenar.cl\/index.php?rest_route=\/wp\/v2\/types\/post"}],"author":[{"embeddable":true,"href":"https:\/\/www.radioamigavallenar.cl\/index.php?rest_route=\/wp\/v2\/users\/2"}],"replies":[{"embeddable":true,"href":"https:\/\/www.radioamigavallenar.cl\/index.php?rest_route=%2Fwp%2Fv2%2Fcomments&post=35381"}],"version-history":[{"count":1,"href":"https:\/\/www.radioamigavallenar.cl\/index.php?rest_route=\/wp\/v2\/posts\/35381\/revisions"}],"predecessor-version":[{"id":35383,"href":"https:\/\/www.radioamigavallenar.cl\/index.php?rest_route=\/wp\/v2\/posts\/35381\/revisions\/35383"}],"wp:attachment":[{"href":"https:\/\/www.radioamigavallenar.cl\/index.php?rest_route=%2Fwp%2Fv2%2Fmedia&parent=35381"}],"wp:term":[{"taxonomy":"category","embeddable":true,"href":"https:\/\/www.radioamigavallenar.cl\/index.php?rest_route=%2Fwp%2Fv2%2Fcategories&post=35381"},{"taxonomy":"post_tag","embeddable":true,"href":"https:\/\/www.radioamigavallenar.cl\/index.php?rest_route=%2Fwp%2Fv2%2Ftags&post=35381"}],"curies":[{"name":"wp","href":"https:\/\/api.w.org\/{rel}","templated":true}]}}