{"id":35371,"date":"2021-01-30T09:31:43","date_gmt":"2021-01-30T12:31:43","guid":{"rendered":"https:\/\/www.radioamigavallenar.cl\/?p=35371"},"modified":"2021-01-30T09:31:43","modified_gmt":"2021-01-30T12:31:43","slug":"congreso-aprueba-prorroga-de-un-ano-para-las-licencias-de-conducir","status":"publish","type":"post","link":"https:\/\/www.radioamigavallenar.cl\/?p=35371","title":{"rendered":"Congreso aprueba pr\u00f3rroga de un a\u00f1o para las licencias de conducir"},"content":{"rendered":"<p>La C\u00e1mara de Diputados y Diputadas aprob\u00f3 y despach\u00f3 para convertirse en ley una\u00a0<strong>pr\u00f3rroga de un a\u00f1o de las licencias de conducir.<\/strong><\/p>\n<p>La propuesta, originada por una moci\u00f3n parlamentaria originada en el Senado, busca evitar aglomeraciones en la realizaci\u00f3n de este tr\u00e1mite de manera presencial y, con ello, que se generen focos de contagio de covid-19.<\/p>\n<p>Tambi\u00e9n, durante este misma jornada, fue rechazada en su tercer tr\u00e1mite legislativo un proyecto de ley que define la excepci\u00f3n para el uso del remanente de\u00a0<strong>cuota de captura de pesca<\/strong>, la que fue despachada a una comisi\u00f3n mixta que se va a constuir tras el receso parlamentario en marzo.<\/p>\n","protected":false},"excerpt":{"rendered":"<p>La C\u00e1mara de Diputados y Diputadas aprob\u00f3 y despach\u00f3 para convertirse en ley una\u00a0pr\u00f3rroga de un a\u00f1o de las licencias de conducir. La propuesta, originada&hellip; <\/p>\n","protected":false},"author":2,"featured_media":27654,"comment_status":"open","ping_status":"closed","sticky":false,"template":"","format":"standard","meta":{"footnotes":""},"categories":[37],"tags":[],"class_list":["post-35371","post","type-post","status-publish","format-standard","has-post-thumbnail","hentry","category-nacional"],"_links":{"self":[{"href":"https:\/\/www.radioamigavallenar.cl\/index.php?rest_route=\/wp\/v2\/posts\/35371","targetHints":{"allow":["GET"]}}],"collection":[{"href":"https:\/\/www.radioamigavallenar.cl\/index.php?rest_route=\/wp\/v2\/posts"}],"about":[{"href":"https:\/\/www.radioamigavallenar.cl\/index.php?rest_route=\/wp\/v2\/types\/post"}],"author":[{"embeddable":true,"href":"https:\/\/www.radioamigavallenar.cl\/index.php?rest_route=\/wp\/v2\/users\/2"}],"replies":[{"embeddable":true,"href":"https:\/\/www.radioamigavallenar.cl\/index.php?rest_route=%2Fwp%2Fv2%2Fcomments&post=35371"}],"version-history":[{"count":1,"href":"https:\/\/www.radioamigavallenar.cl\/index.php?rest_route=\/wp\/v2\/posts\/35371\/revisions"}],"predecessor-version":[{"id":35372,"href":"https:\/\/www.radioamigavallenar.cl\/index.php?rest_route=\/wp\/v2\/posts\/35371\/revisions\/35372"}],"wp:featuredmedia":[{"embeddable":true,"href":"https:\/\/www.radioamigavallenar.cl\/index.php?rest_route=\/wp\/v2\/media\/27654"}],"wp:attachment":[{"href":"https:\/\/www.radioamigavallenar.cl\/index.php?rest_route=%2Fwp%2Fv2%2Fmedia&parent=35371"}],"wp:term":[{"taxonomy":"category","embeddable":true,"href":"https:\/\/www.radioamigavallenar.cl\/index.php?rest_route=%2Fwp%2Fv2%2Fcategories&post=35371"},{"taxonomy":"post_tag","embeddable":true,"href":"https:\/\/www.radioamigavallenar.cl\/index.php?rest_route=%2Fwp%2Fv2%2Ftags&post=35371"}],"curies":[{"name":"wp","href":"https:\/\/api.w.org\/{rel}","templated":true}]}}