{"id":35368,"date":"2021-01-30T09:29:50","date_gmt":"2021-01-30T12:29:50","guid":{"rendered":"https:\/\/www.radioamigavallenar.cl\/?p=35368"},"modified":"2021-01-30T09:30:07","modified_gmt":"2021-01-30T12:30:07","slug":"diputado-mulet-ingreso-proyecto-para-un-tercer-retiro-de-fondos-de-las-afp","status":"publish","type":"post","link":"https:\/\/www.radioamigavallenar.cl\/?p=35368","title":{"rendered":"Diputado Jaime Mulet ingres\u00f3 proyecto para un tercer retiro de fondos de las AFP"},"content":{"rendered":"<p>La iniciativa incluye las rentas vitalicias y que el Estado devuelva al dinero retirado al momento de jubilar.<\/p>\n<p>La tarde de ayer viernes, el diputado Jaime Mulet\u00a0(FRVS) ingres\u00f3 a la\u00a0C\u00e1mara de Diputadas y Diputados\u00a0el proyecto de ley que permite un\u00a0<strong>tercer retiro de fondos previsionales de las AFP<\/strong>.<\/p>\n<p>La iniciativa que cuenta tambi\u00e9n con la firma de los parlamentarios\u00a0<strong>Ren\u00e9 Alinco<\/strong>\u00a0(IND),\u00a0<strong>Esteban Vel\u00e1squez<\/strong>\u00a0(FRVS) y\u00a0<strong>Alejandra Sep\u00falveda<\/strong>\u00a0(FRVS), propone que Estado devuelva al dinero retirado al momento de jubilar e incluye a quienes tengan\u00a0<strong>rentas vitalicias<\/strong>.<\/p>\n<p>Tras ser ingreado, la parlamentaria Sep\u00falveda sostuvo que el proyecto \u201c<strong>contempla una ayuda y un aporte que tenga que hacer obligatoriamente el Estado<\/strong>\u00a0y eso significa un bono de reconocimiento, pero tambi\u00e9n significa la posibilidad de aumentar, a trav\u00e9s del pilar solidario, ley que hoy ya existe\u201d.<\/p>\n<p>\u201cLos contagios van subiendo, las complicaciones econ\u00f3micas del pa\u00eds, de los chilenos y chilenas tambi\u00e9n van subiendo y cada vez m\u00e1s dram\u00e1tico, por eso lo que estamos diciendo hoy es que este proyecto, que es mucho m\u00e1s completo, que es un proyecto integral, que es capaz de ver a aquellas personas en actividad, pero tambi\u00e9n a aquellos que est\u00e1n inactivos o que est\u00e1n pensionados por AFP y por renta vitalicia, pueden obtener este 10%,\u00a0<strong>pero tambi\u00e9n una compensaci\u00f3n para que no solo sean las personas que paguen esta pandemia, sino tambi\u00e9n a trav\u00e9s del Estado<\/strong>\u201c, agreg\u00f3.<\/p>\n","protected":false},"excerpt":{"rendered":"<p>La iniciativa incluye las rentas vitalicias y que el Estado devuelva al dinero retirado al momento de jubilar. La tarde de ayer viernes, el diputado&hellip; <\/p>\n","protected":false},"author":2,"featured_media":30547,"comment_status":"open","ping_status":"closed","sticky":false,"template":"","format":"standard","meta":{"footnotes":""},"categories":[38],"tags":[],"class_list":["post-35368","post","type-post","status-publish","format-standard","has-post-thumbnail","hentry","category-portada-regional"],"_links":{"self":[{"href":"https:\/\/www.radioamigavallenar.cl\/index.php?rest_route=\/wp\/v2\/posts\/35368","targetHints":{"allow":["GET"]}}],"collection":[{"href":"https:\/\/www.radioamigavallenar.cl\/index.php?rest_route=\/wp\/v2\/posts"}],"about":[{"href":"https:\/\/www.radioamigavallenar.cl\/index.php?rest_route=\/wp\/v2\/types\/post"}],"author":[{"embeddable":true,"href":"https:\/\/www.radioamigavallenar.cl\/index.php?rest_route=\/wp\/v2\/users\/2"}],"replies":[{"embeddable":true,"href":"https:\/\/www.radioamigavallenar.cl\/index.php?rest_route=%2Fwp%2Fv2%2Fcomments&post=35368"}],"version-history":[{"count":2,"href":"https:\/\/www.radioamigavallenar.cl\/index.php?rest_route=\/wp\/v2\/posts\/35368\/revisions"}],"predecessor-version":[{"id":35370,"href":"https:\/\/www.radioamigavallenar.cl\/index.php?rest_route=\/wp\/v2\/posts\/35368\/revisions\/35370"}],"wp:featuredmedia":[{"embeddable":true,"href":"https:\/\/www.radioamigavallenar.cl\/index.php?rest_route=\/wp\/v2\/media\/30547"}],"wp:attachment":[{"href":"https:\/\/www.radioamigavallenar.cl\/index.php?rest_route=%2Fwp%2Fv2%2Fmedia&parent=35368"}],"wp:term":[{"taxonomy":"category","embeddable":true,"href":"https:\/\/www.radioamigavallenar.cl\/index.php?rest_route=%2Fwp%2Fv2%2Fcategories&post=35368"},{"taxonomy":"post_tag","embeddable":true,"href":"https:\/\/www.radioamigavallenar.cl\/index.php?rest_route=%2Fwp%2Fv2%2Ftags&post=35368"}],"curies":[{"name":"wp","href":"https:\/\/api.w.org\/{rel}","templated":true}]}}