{"id":35366,"date":"2021-01-30T09:26:40","date_gmt":"2021-01-30T12:26:40","guid":{"rendered":"https:\/\/www.radioamigavallenar.cl\/?p=35366"},"modified":"2021-01-30T09:26:40","modified_gmt":"2021-01-30T12:26:40","slug":"mesa-social-autoconvocada-urge-a-autoridades-a-entregar-una-mejor-informacion-por-la-pandemia-y-vacunacion","status":"publish","type":"post","link":"https:\/\/www.radioamigavallenar.cl\/?p=35366","title":{"rendered":"Mesa Social Autoconvocada urge a autoridades a entregar una mejor informaci\u00f3n por la pandemia y vacunaci\u00f3n"},"content":{"rendered":"<p>La Mesa Social Autoconvocada hicieron un llamado a las autoridades regionales y comunales tomar todas las medidas oportunas y adecuadas. frente al Covid- 19 en Atacama. \u201cPara la Mesa Social Autoconvocada es urgente que las autoridades mejoren la forma de comunicar y entregar informaci\u00f3n a la comunidad sobre el Plan de Vacunaci\u00f3n que se realizar\u00e1 en Atacama. En su \u00faltima reuni\u00f3n la Mesa analiz\u00f3 la compleja situaci\u00f3n regional y en el encuentro se destac\u00f3 las reiteradas ocasiones en que se ha dado cuenta de las dificultades que presenta la autoridad a la hora de entregar informaci\u00f3n clara y precisa a la comunidad\u201d.<\/p>\n<p><strong>CR\u00cdTICIA:<\/strong><\/p>\n<p>Agregan que \u201cesta situaci\u00f3n qued\u00f3 a\u00fan m\u00e1s en evidencia durante esta jornada en que se gener\u00f3 una amplia confusi\u00f3n por la premura y falta de diligencia del nivel central al entregar un \u201cCalendario de Vacunaci\u00f3n\u201d que s\u00f3lo ha generado reacciones adversas y confusi\u00f3n tanto entre el personal m\u00e9dico como en la comunidad en general.<\/p>\n<div class=\"code-block code-block-3\"><\/div>\n<p>Desde la entidad se enfatiz\u00f3 que \u201cnuestra regi\u00f3n est\u00e1 viviendo un momento dram\u00e1tico con esta pandemia provocada por el COVID 19, por lo que es impresentable que se genere m\u00e1s confusi\u00f3n con la entrega poco prolija de la informaci\u00f3n\u201d.<\/p>\n<p><strong>LA VACUNACI\u00d3N:<\/strong><\/p>\n<p>Recalcan que \u201cpara la Mesa Social Autoconvocada es importante, que la poblaci\u00f3n entienda que la vacuna no ser\u00e1 una soluci\u00f3n inmediata, a esta Pandemia, sin embargo, es un factor importante que ayudar\u00e1, por ello es fundamental mantener la confianza. Por esta raz\u00f3n es m\u00e1s relevante a\u00fan que nuestras autoridades marquen la diferencia, y no hagan anuncios acelerados sin considerar nuestra realidad particular y menos sin considerar a los Equipos de Salud y a quienes realizar\u00e1n finalmente la actividad. Esto nuevamente, nos hace reflotar las solicitudes que hemos se\u00f1alado en cuanto a la importancia de mantener la comunicaci\u00f3n efectiva con las autoridades comunales, principalmente alcaldes y alcaldesas en este tipo de acciones, que van en beneficio de las comunidades que lideran.<\/p>\n<p>\u201cPor lo anterior hoy como Mesa Social, reiteramos a las autoridades la necesidad de reforzar el apoyo con recursos frescos a la Atenci\u00f3n Primaria y a los Equipos Epidemiol\u00f3gicos de la APS. Por otro lado, hace m\u00e1s de un mes, como Mesa Social, se ha advertido sobre la importancia de la estricta fiscalizaci\u00f3n documental a quienes toman vacaciones o ingresan a nuestra regi\u00f3n desde otras regiones, as\u00ed como la exigencia de pedir PCR de ingreso, la instalaci\u00f3n de cordones sanitarios y en particular en las comunas de nuestro borde costero\u201d, a\u00f1ade el colectivo social.<\/p>\n<p>Finalmente, puntualizan que \u201ccomo Mesa Social, no podemos dejar de solicitar \u201cencarecidamente a la poblaci\u00f3n de Atacama a seguir manteniendo estrictas medidas de Autocuidado, principalmente el uso correcto de la mascarilla, el distanciamiento f\u00edsico y social, el lavado de manos, cuidar a nuestros adultos mayores, no salir si no es necesario\u201d.<\/p>\n","protected":false},"excerpt":{"rendered":"<p>La Mesa Social Autoconvocada hicieron un llamado a las autoridades regionales y comunales tomar todas las medidas oportunas y adecuadas. frente al Covid- 19 en&hellip; <\/p>\n","protected":false},"author":2,"featured_media":28651,"comment_status":"open","ping_status":"closed","sticky":false,"template":"","format":"standard","meta":{"footnotes":""},"categories":[7],"tags":[],"class_list":["post-35366","post","type-post","status-publish","format-standard","has-post-thumbnail","hentry","category-atacama"],"_links":{"self":[{"href":"https:\/\/www.radioamigavallenar.cl\/index.php?rest_route=\/wp\/v2\/posts\/35366","targetHints":{"allow":["GET"]}}],"collection":[{"href":"https:\/\/www.radioamigavallenar.cl\/index.php?rest_route=\/wp\/v2\/posts"}],"about":[{"href":"https:\/\/www.radioamigavallenar.cl\/index.php?rest_route=\/wp\/v2\/types\/post"}],"author":[{"embeddable":true,"href":"https:\/\/www.radioamigavallenar.cl\/index.php?rest_route=\/wp\/v2\/users\/2"}],"replies":[{"embeddable":true,"href":"https:\/\/www.radioamigavallenar.cl\/index.php?rest_route=%2Fwp%2Fv2%2Fcomments&post=35366"}],"version-history":[{"count":1,"href":"https:\/\/www.radioamigavallenar.cl\/index.php?rest_route=\/wp\/v2\/posts\/35366\/revisions"}],"predecessor-version":[{"id":35367,"href":"https:\/\/www.radioamigavallenar.cl\/index.php?rest_route=\/wp\/v2\/posts\/35366\/revisions\/35367"}],"wp:featuredmedia":[{"embeddable":true,"href":"https:\/\/www.radioamigavallenar.cl\/index.php?rest_route=\/wp\/v2\/media\/28651"}],"wp:attachment":[{"href":"https:\/\/www.radioamigavallenar.cl\/index.php?rest_route=%2Fwp%2Fv2%2Fmedia&parent=35366"}],"wp:term":[{"taxonomy":"category","embeddable":true,"href":"https:\/\/www.radioamigavallenar.cl\/index.php?rest_route=%2Fwp%2Fv2%2Fcategories&post=35366"},{"taxonomy":"post_tag","embeddable":true,"href":"https:\/\/www.radioamigavallenar.cl\/index.php?rest_route=%2Fwp%2Fv2%2Ftags&post=35366"}],"curies":[{"name":"wp","href":"https:\/\/api.w.org\/{rel}","templated":true}]}}