{"id":35360,"date":"2021-01-30T09:21:30","date_gmt":"2021-01-30T12:21:30","guid":{"rendered":"https:\/\/www.radioamigavallenar.cl\/?p=35360"},"modified":"2021-01-30T09:21:30","modified_gmt":"2021-01-30T12:21:30","slug":"20-familias-de-freirina-hicieron-realidad-el-sueno-de-la-casa-propia","status":"publish","type":"post","link":"https:\/\/www.radioamigavallenar.cl\/?p=35360","title":{"rendered":"20 familias de Freirina hicieron realidad el sue\u00f1o de la casa propia"},"content":{"rendered":"<p style=\"text-align: center;\"><strong>\u00abEl proyecto se emplaza en el sector de Vicu\u00f1a Mackenna Alto Oriente\u00bb<\/strong><span id=\"more-235913\"><\/span><\/p>\n<p>El sue\u00f1o de la casa propia ya es una realidad para 20 familias de Freirina que este viernes recibieron las llaves de sus hogares. La ceremonia de entrega, que cont\u00f3 con la presencia del Seremi de la Vivienda y Urbanismo en Atacama Pedro R\u00edos Weldt, se efectu\u00f3 bajo los protocolos ampliamente promovidos por el Minsal.<\/p>\n<p>Con la entrega de las llaves se termin\u00f3 de materializar el proyecto del Comit\u00e9 Habitacional \u201cSalvador de los Nuevos Sue\u00f1os\u201d, que beneficia directamente a familias de la comuna, obras que tuvieron una inversi\u00f3n superior a los ochocientos sesenta millones de pesos.<\/p>\n<p>Para el Secretario Ministerial del MINVU en Atacama, esta obra es un muy buen proyecto, ya que en esta zona \u201cFreirina ha hecho buena gesti\u00f3n con su Entidad Patrocinante. Eso ha permitido poder desarrollar buenos proyectos\u201d dijo el Seremi, argumentado que se trata \u201cde la continuaci\u00f3n de un proyecto inicial de 108 viviendas entregadas el a\u00f1o pasado, ahora estamos entregando estas 20 y se proyecta un tercer loteo de 114 casas m\u00e1s, contiguas a este loteo. Por otra parte, en Maitencillo tambi\u00e9n se est\u00e1 trabajando en un proyecto de 74 viviendas, lo que sin lugar a dudas viene a confirmar la tremenda proyecci\u00f3n en materia habitacional de Freirina\u201d.<\/p>\n<p>Las nuevas viviendas tienen una particularidad: son casas con sistemas de paneles fotovoltaicos y termosolares, que al tiempo se traducen en una reducci\u00f3n al momento de recibir la boleta de luz, por ejemplo, pero adem\u00e1s es un proyecto en sinton\u00eda con lo que hoy la comunidad demanda, casas de muy buen material en su construcci\u00f3n y sustentables en el tiempo, lo que significa un efecto positivo en la econom\u00eda familiar.<\/p>\n<p>Para el Alcalde Cesar Orellana, estas casas dan respuesta a un trabajo mancomunado, partiendo desde el Concejo Municipal\u00a0 ya que esto obedece al trabajo que ha venido haciendo el Concejo. \u201cQuiero destacar la labor que desempe\u00f1a la comisi\u00f3n de vivienda del Concejo Comunal, estamos muy contentos el d\u00eda de hoy.\u00a0 Esto que est\u00e1 pasando,\u00a0 que sea la motivaci\u00f3n para que la Municipalidad contin\u00fae a trav\u00e9s de su Oficina de la Vivienda desarrollando proyectos. Ac\u00e1 el Municipio ha dejado de lado otras cosas por priorizar estudios, dise\u00f1os y todo lo que significa el poder materializar un proyecto como el que se est\u00e1 entregando en esta jornada\u201d coment\u00f3 la autoridad.<\/p>\n<p>Las obras estuvieron a cargo de la empresa contratista de Roberto San Mart\u00edn, bajo la Modalidad Construcci\u00f3n en Nuevos Terrenos, y postulados Fondo Solidario de Elecci\u00f3n de Vivienda DS N\u00b0 49, proyecto que permiti\u00f3 la construcci\u00f3n de dieciocho Viviendas de 45 metros cuadrados dos Viviendas de 55 metros cuadrados, estas \u00faltimas se entregan con el tercer dormitorio construido ya que el grupo familiar lo componen 5 personas. Las viviendas cuentan con terminaciones que consisten en piso flotante en dormitorios y sala estar, piso cer\u00e1mico en ba\u00f1o y cocina, pintura interior y exterior.<\/p>\n","protected":false},"excerpt":{"rendered":"<p>\u00abEl proyecto se emplaza en el sector de Vicu\u00f1a Mackenna Alto Oriente\u00bb El sue\u00f1o de la casa propia ya es una realidad para 20 familias&hellip; <\/p>\n","protected":false},"author":2,"featured_media":0,"comment_status":"open","ping_status":"closed","sticky":false,"template":"","format":"standard","meta":{"footnotes":""},"categories":[7],"tags":[],"class_list":["post-35360","post","type-post","status-publish","format-standard","hentry","category-atacama"],"_links":{"self":[{"href":"https:\/\/www.radioamigavallenar.cl\/index.php?rest_route=\/wp\/v2\/posts\/35360","targetHints":{"allow":["GET"]}}],"collection":[{"href":"https:\/\/www.radioamigavallenar.cl\/index.php?rest_route=\/wp\/v2\/posts"}],"about":[{"href":"https:\/\/www.radioamigavallenar.cl\/index.php?rest_route=\/wp\/v2\/types\/post"}],"author":[{"embeddable":true,"href":"https:\/\/www.radioamigavallenar.cl\/index.php?rest_route=\/wp\/v2\/users\/2"}],"replies":[{"embeddable":true,"href":"https:\/\/www.radioamigavallenar.cl\/index.php?rest_route=%2Fwp%2Fv2%2Fcomments&post=35360"}],"version-history":[{"count":1,"href":"https:\/\/www.radioamigavallenar.cl\/index.php?rest_route=\/wp\/v2\/posts\/35360\/revisions"}],"predecessor-version":[{"id":35362,"href":"https:\/\/www.radioamigavallenar.cl\/index.php?rest_route=\/wp\/v2\/posts\/35360\/revisions\/35362"}],"wp:attachment":[{"href":"https:\/\/www.radioamigavallenar.cl\/index.php?rest_route=%2Fwp%2Fv2%2Fmedia&parent=35360"}],"wp:term":[{"taxonomy":"category","embeddable":true,"href":"https:\/\/www.radioamigavallenar.cl\/index.php?rest_route=%2Fwp%2Fv2%2Fcategories&post=35360"},{"taxonomy":"post_tag","embeddable":true,"href":"https:\/\/www.radioamigavallenar.cl\/index.php?rest_route=%2Fwp%2Fv2%2Ftags&post=35360"}],"curies":[{"name":"wp","href":"https:\/\/api.w.org\/{rel}","templated":true}]}}