{"id":35358,"date":"2021-01-30T09:20:23","date_gmt":"2021-01-30T12:20:23","guid":{"rendered":"https:\/\/www.radioamigavallenar.cl\/?p=35358"},"modified":"2021-01-30T09:20:23","modified_gmt":"2021-01-30T12:20:23","slug":"diputada-sofia-cid-valoro-aprobacion-del-proyecto-que-amplia-vigencia-de-licencias-de-conducir","status":"publish","type":"post","link":"https:\/\/www.radioamigavallenar.cl\/?p=35358","title":{"rendered":"Diputada Sof\u00eda Cid valoro aprobaci\u00f3n del proyecto que amplia vigencia de licencias de conducir"},"content":{"rendered":"<p><strong>El proyecto prorroga la vigencia de las licencias de conducir que vencen en el a\u00f1o 2021.<\/strong><span id=\"more-235908\"><\/span><\/p>\n<p>La diputada por RN, Sof\u00eda Cid Versalovic, valoro la aprobaci\u00f3n del proyecto que ampl\u00eda la vigencia de licencias de conducir, dicha iniciativa propuesta por el parlamentario Harry J\u00fcrgensen y que patrocina como coautora la diputada debido a la importancia que esto generar\u00eda a la poblaci\u00f3n atacame\u00f1a.<\/p>\n<p>\u201cEstas son excelentes noticias para los ciudadanos que por la emergencia sanitaria del Coronavirus no han podido realizar los tr\u00e1mites necesarios para renovar este importante documento que permite transitar con toda libertad por el territorio nacional\u201d, afirm\u00f3.<\/p>\n<p>Cid mencion\u00f3 que el proyecto prorroga la vigencia de las licencias de conducir que vencer\u00e1n este a\u00f1o 2021. Los beneficiarios de la pr\u00f3rroga podr\u00e1n realizar el tr\u00e1mite de renovaci\u00f3n hasta el d\u00eda y mes se\u00f1alado en la licencia vigente, del a\u00f1o 2022.<\/p>\n<p>\u201cEn estos momentos la regi\u00f3n atraviesa una dif\u00edcil situaci\u00f3n por la crisis sanitaria del Coronavirus, por lo que es necesario que tomemos las medidas necesarias para que los atacame\u00f1os puedan quedarse en sus casas. Este tr\u00e1mite que es presencial, podr\u00eda generar aglomeraciones de personas y ser\u00eda una buena iniciativa que se haya prorrogado mientras comienza el proceso de vacunaci\u00f3n en la regi\u00f3n, por lo que espero que el Senado lo vea r\u00e1pidamente para que pronto sea ley\u201d, finaliz\u00f3.<\/p>\n","protected":false},"excerpt":{"rendered":"<p>El proyecto prorroga la vigencia de las licencias de conducir que vencen en el a\u00f1o 2021. La diputada por RN, Sof\u00eda Cid Versalovic, valoro la&hellip; <\/p>\n","protected":false},"author":2,"featured_media":0,"comment_status":"open","ping_status":"closed","sticky":false,"template":"","format":"standard","meta":{"footnotes":""},"categories":[7],"tags":[],"class_list":["post-35358","post","type-post","status-publish","format-standard","hentry","category-atacama"],"_links":{"self":[{"href":"https:\/\/www.radioamigavallenar.cl\/index.php?rest_route=\/wp\/v2\/posts\/35358","targetHints":{"allow":["GET"]}}],"collection":[{"href":"https:\/\/www.radioamigavallenar.cl\/index.php?rest_route=\/wp\/v2\/posts"}],"about":[{"href":"https:\/\/www.radioamigavallenar.cl\/index.php?rest_route=\/wp\/v2\/types\/post"}],"author":[{"embeddable":true,"href":"https:\/\/www.radioamigavallenar.cl\/index.php?rest_route=\/wp\/v2\/users\/2"}],"replies":[{"embeddable":true,"href":"https:\/\/www.radioamigavallenar.cl\/index.php?rest_route=%2Fwp%2Fv2%2Fcomments&post=35358"}],"version-history":[{"count":1,"href":"https:\/\/www.radioamigavallenar.cl\/index.php?rest_route=\/wp\/v2\/posts\/35358\/revisions"}],"predecessor-version":[{"id":35359,"href":"https:\/\/www.radioamigavallenar.cl\/index.php?rest_route=\/wp\/v2\/posts\/35358\/revisions\/35359"}],"wp:attachment":[{"href":"https:\/\/www.radioamigavallenar.cl\/index.php?rest_route=%2Fwp%2Fv2%2Fmedia&parent=35358"}],"wp:term":[{"taxonomy":"category","embeddable":true,"href":"https:\/\/www.radioamigavallenar.cl\/index.php?rest_route=%2Fwp%2Fv2%2Fcategories&post=35358"},{"taxonomy":"post_tag","embeddable":true,"href":"https:\/\/www.radioamigavallenar.cl\/index.php?rest_route=%2Fwp%2Fv2%2Ftags&post=35358"}],"curies":[{"name":"wp","href":"https:\/\/api.w.org\/{rel}","templated":true}]}}