{"id":35353,"date":"2021-01-30T09:18:20","date_gmt":"2021-01-30T12:18:20","guid":{"rendered":"https:\/\/www.radioamigavallenar.cl\/?p=35353"},"modified":"2021-01-30T09:18:20","modified_gmt":"2021-01-30T12:18:20","slug":"ssa-informo-dos-nuevos-fallecidos-por-coronavirus-en-atacama","status":"publish","type":"post","link":"https:\/\/www.radioamigavallenar.cl\/?p=35353","title":{"rendered":"SSA inform\u00f3 dos nuevos fallecidos por Coronavirus en Atacama"},"content":{"rendered":"<p>Los pacientes de 86 y 89 a\u00f1os se encontraban en el Hospital Regional de Copiap\u00f3. Pese a los esfuerzos de los equipos de salud, los pacientes fallecieron debido a las complicaciones provocadas por esta grave enfermedad.<\/p>\n<p>Finalmente indicamos que sus residencias corresponden a las comunas de Copiap\u00f3 y Cha\u00f1aral. De esta manera, nuestra Regi\u00f3n de Atacama registra 98 personas que han perdido la vida debido a la actual pandemia.<\/p>\n","protected":false},"excerpt":{"rendered":"<p>Los pacientes de 86 y 89 a\u00f1os se encontraban en el Hospital Regional de Copiap\u00f3. Pese a los esfuerzos de los equipos de salud, los&hellip; <\/p>\n","protected":false},"author":2,"featured_media":29454,"comment_status":"open","ping_status":"closed","sticky":false,"template":"","format":"standard","meta":{"footnotes":""},"categories":[7],"tags":[],"class_list":["post-35353","post","type-post","status-publish","format-standard","has-post-thumbnail","hentry","category-atacama"],"_links":{"self":[{"href":"https:\/\/www.radioamigavallenar.cl\/index.php?rest_route=\/wp\/v2\/posts\/35353","targetHints":{"allow":["GET"]}}],"collection":[{"href":"https:\/\/www.radioamigavallenar.cl\/index.php?rest_route=\/wp\/v2\/posts"}],"about":[{"href":"https:\/\/www.radioamigavallenar.cl\/index.php?rest_route=\/wp\/v2\/types\/post"}],"author":[{"embeddable":true,"href":"https:\/\/www.radioamigavallenar.cl\/index.php?rest_route=\/wp\/v2\/users\/2"}],"replies":[{"embeddable":true,"href":"https:\/\/www.radioamigavallenar.cl\/index.php?rest_route=%2Fwp%2Fv2%2Fcomments&post=35353"}],"version-history":[{"count":1,"href":"https:\/\/www.radioamigavallenar.cl\/index.php?rest_route=\/wp\/v2\/posts\/35353\/revisions"}],"predecessor-version":[{"id":35354,"href":"https:\/\/www.radioamigavallenar.cl\/index.php?rest_route=\/wp\/v2\/posts\/35353\/revisions\/35354"}],"wp:featuredmedia":[{"embeddable":true,"href":"https:\/\/www.radioamigavallenar.cl\/index.php?rest_route=\/wp\/v2\/media\/29454"}],"wp:attachment":[{"href":"https:\/\/www.radioamigavallenar.cl\/index.php?rest_route=%2Fwp%2Fv2%2Fmedia&parent=35353"}],"wp:term":[{"taxonomy":"category","embeddable":true,"href":"https:\/\/www.radioamigavallenar.cl\/index.php?rest_route=%2Fwp%2Fv2%2Fcategories&post=35353"},{"taxonomy":"post_tag","embeddable":true,"href":"https:\/\/www.radioamigavallenar.cl\/index.php?rest_route=%2Fwp%2Fv2%2Ftags&post=35353"}],"curies":[{"name":"wp","href":"https:\/\/api.w.org\/{rel}","templated":true}]}}