{"id":35351,"date":"2021-01-30T09:17:31","date_gmt":"2021-01-30T12:17:31","guid":{"rendered":"https:\/\/www.radioamigavallenar.cl\/?p=35351"},"modified":"2021-01-30T09:17:31","modified_gmt":"2021-01-30T12:17:31","slug":"fiscalia-de-atacama-inicio-investigacion-por-masiva-celebracion-en-un-pub-de-copiapo","status":"publish","type":"post","link":"https:\/\/www.radioamigavallenar.cl\/?p=35351","title":{"rendered":"Fiscal\u00eda de Atacama inici\u00f3 investigaci\u00f3n por masiva celebraci\u00f3n en un Pub de Copiap\u00f3"},"content":{"rendered":"<p><strong>Fiscal jefe de la capital regional, Christian Gonz\u00e1lez Carriel, indic\u00f3 que se tom\u00f3 esta determinaci\u00f3n de oficio luego de la circulaci\u00f3n de un video por redes sociales que dej\u00f3 en evidencia una alta concurrencia de p\u00fablico e incumplimiento a las medidas sanitarias preventivas.\u00a0<\/strong><strong>\u00a0<\/strong><\/p>\n<p>La Fiscal\u00eda de Atacama abri\u00f3 este viernes una investigaci\u00f3n de oficio, sin denuncia previa, luego de la circulaci\u00f3n de un video por redes sociales que daba cuenta de una masiva asistencia a un Pub de Copiap\u00f3.<\/p>\n<p>La determinaci\u00f3n fue confirmada por el fiscal jefe de esta ciudad, Christian Gonz\u00e1lez Carriel, quien inform\u00f3 que en las im\u00e1genes se advierte una alta asistencia al local, personas bailando sobre la que pareciera ser la barra del recinto, nulo uso de mascarillas ni tampoco distancia m\u00ednima entre los asistentes.<\/p>\n<p>\u201cUna vez que recibimos este video y se confirm\u00f3 que se trataba de un local que funciona en esta ciudad, como Fiscal\u00eda de Atacama se tom\u00f3 la determinaci\u00f3n de abrir una causa penal de oficio. Esto a partir de las posibles infracciones a la salud p\u00fablica en que se podr\u00eda haber incurrido frente al actual estado sanitario. Por ello, se ordenar\u00e1n las diligencias investigativas pertinentes a la PDI con la finalidad de recabar la mayor cantidad de antecedentes, pues la Fiscal\u00eda no va a tolerar ni en este caso ni en ning\u00fan otro que se hagan fiestas clandestinas o incumplimientos a las normas sanitarias\u201d, indic\u00f3 el fiscal.<\/p>\n<p>Gonz\u00e1lez agreg\u00f3 que la causa buscar\u00e1 indagar respecto si se trat\u00f3 una celebraci\u00f3n privada en un local p\u00fablico o si se est\u00e1 frente a una infracci\u00f3n respecto del aforo permitido para este tipo de establecimientos durante el \u201cPaso\u00a0 2\u201d en que se encuentra la ciudad actualmente.<\/p>\n<p>Finalmente, Gonz\u00e1lez reiter\u00f3 el llamado a la comunidad en general a respetar todas las medidas destinadas por la autoridad respectivas que tienen como objetivo evitar grandes aglomeraciones de personas, adem\u00e1s de aquellas que restringen la circulaci\u00f3n de personas durante la noche y los fines de semana en aquellas comunas en etapa de \u201cTransici\u00f3n\u201d.<\/p>\n","protected":false},"excerpt":{"rendered":"<p>Fiscal jefe de la capital regional, Christian Gonz\u00e1lez Carriel, indic\u00f3 que se tom\u00f3 esta determinaci\u00f3n de oficio luego de la circulaci\u00f3n de un video por&hellip; <\/p>\n","protected":false},"author":2,"featured_media":23273,"comment_status":"open","ping_status":"closed","sticky":false,"template":"","format":"standard","meta":{"footnotes":""},"categories":[7],"tags":[],"class_list":["post-35351","post","type-post","status-publish","format-standard","has-post-thumbnail","hentry","category-atacama"],"_links":{"self":[{"href":"https:\/\/www.radioamigavallenar.cl\/index.php?rest_route=\/wp\/v2\/posts\/35351","targetHints":{"allow":["GET"]}}],"collection":[{"href":"https:\/\/www.radioamigavallenar.cl\/index.php?rest_route=\/wp\/v2\/posts"}],"about":[{"href":"https:\/\/www.radioamigavallenar.cl\/index.php?rest_route=\/wp\/v2\/types\/post"}],"author":[{"embeddable":true,"href":"https:\/\/www.radioamigavallenar.cl\/index.php?rest_route=\/wp\/v2\/users\/2"}],"replies":[{"embeddable":true,"href":"https:\/\/www.radioamigavallenar.cl\/index.php?rest_route=%2Fwp%2Fv2%2Fcomments&post=35351"}],"version-history":[{"count":1,"href":"https:\/\/www.radioamigavallenar.cl\/index.php?rest_route=\/wp\/v2\/posts\/35351\/revisions"}],"predecessor-version":[{"id":35352,"href":"https:\/\/www.radioamigavallenar.cl\/index.php?rest_route=\/wp\/v2\/posts\/35351\/revisions\/35352"}],"wp:featuredmedia":[{"embeddable":true,"href":"https:\/\/www.radioamigavallenar.cl\/index.php?rest_route=\/wp\/v2\/media\/23273"}],"wp:attachment":[{"href":"https:\/\/www.radioamigavallenar.cl\/index.php?rest_route=%2Fwp%2Fv2%2Fmedia&parent=35351"}],"wp:term":[{"taxonomy":"category","embeddable":true,"href":"https:\/\/www.radioamigavallenar.cl\/index.php?rest_route=%2Fwp%2Fv2%2Fcategories&post=35351"},{"taxonomy":"post_tag","embeddable":true,"href":"https:\/\/www.radioamigavallenar.cl\/index.php?rest_route=%2Fwp%2Fv2%2Ftags&post=35351"}],"curies":[{"name":"wp","href":"https:\/\/api.w.org\/{rel}","templated":true}]}}