{"id":35200,"date":"2021-01-26T09:01:02","date_gmt":"2021-01-26T12:01:02","guid":{"rendered":"https:\/\/www.radioamigavallenar.cl\/?p=35200"},"modified":"2021-01-26T12:15:01","modified_gmt":"2021-01-26T15:15:01","slug":"sercotec-a-traves-de-su-plataforma-ruta-digital-ayuda-a-las-pymes-en-su-digitalizacion","status":"publish","type":"post","link":"https:\/\/www.radioamigavallenar.cl\/?p=35200","title":{"rendered":"SERCOTEC a trav\u00e9s de su plataforma \u201cRuta Digital\u201d ayuda a las Pymes en su digitalizaci\u00f3n"},"content":{"rendered":"<p>La digitalizaci\u00f3n ha marcado la diferencia en este nuevo escenario, tras la pandemia, para que muchas peque\u00f1as y medianas empresas puedan vender y visibilizar de mejor manera sus productos y servicios.<\/p>\n<p>Y para aportar en este \u00e1mbito, Sercotec puso a disposici\u00f3n de las pymes de todo el pa\u00eds, la plataforma Ruta Digital (www.rutadigital.cl), la cual cuenta con el apoyo de la Universidad de Chile en el desarrollo de sus contenidos de formaci\u00f3n empresarial.<\/p>\n<p>El portal, a trav\u00e9s de sus cursos en l\u00ednea-en niveles b\u00e1sico y avanzado- entrega conocimientos y habilidades en el uso de tecnolog\u00edas y herramientas digitales a los negocios, adem\u00e1s de contribuir al mejoramiento en la gesti\u00f3n operativa, financiera, y en la comercializaci\u00f3n de sus productos y servicios.<\/p>\n<p>Al respecto el\u00a0<strong>Director Nacional de Sercotec, Bruno Trisotti,<\/strong>\u00a0nos comenta que \u201cuno de nuestros principales objetivos es estar presentes en el proceso que est\u00e1n viviendo nuestros emprendedores en cuanto a c\u00f3mo llevar sus negocios, y es por eso que buscamos apoyarlos en su digitalizaci\u00f3n, acorde a la realidad de cada uno. En nuestra plataforma Ruta Digital, tenemos cursos especializados que apuntan a mejorar su gesti\u00f3n, y a familiarizarse con las nuevas herramientas digitales que, sin duda, les va a significar sumar nuevos canales de comercializaci\u00f3n, atraer a m\u00e1s clientes y generar mayores ventas\u201d.<\/p>\n<div class=\"code-block code-block-3\"><\/div>\n<p>La plataforma de Ruta Digital es gratuita y las Mipes pueden aprender de manera online y en los tiempos que dispongan. Cuenta con cinco cursos de capacitaci\u00f3n que abordan tem\u00e1ticas como: Marketing; Ventas e Inventario; Finanzas y Seguridad de la Informaci\u00f3n; Gesti\u00f3n y Colaboraci\u00f3n y, Comercializaci\u00f3n Tur\u00edstica, este \u00faltimo dirigido al rubro turismo, que durante los \u00faltimos meses ha sido uno de los m\u00e1s afectadas por la crisis sanitaria.<\/p>\n<p>Para iniciar los cursos, es necesario realizar un diagn\u00f3stico que eval\u00faa el estado de conocimiento digital del usuario; y al terminar se efect\u00faa un nuevo test para identificar lo aprendido. Adem\u00e1s, a cada participante se le otorga un certificado de aprobaci\u00f3n.\u00a0 Los contenidos de Ruta Digital, est\u00e1n dirigidos a personas naturales o jur\u00eddicas con inicio de actividades en primera categor\u00eda ante el Servicio de Impuestos Internos.<\/p>\n<p>Los datos hasta noviembre de 2020 muestran que quienes ingresan a la plataforma tienen un promedio de edad de 44 a\u00f1os y se iguala la participaci\u00f3n de hombres y mujeres. Esto \u00faltimo, est\u00e1 dado por la necesidad de avanzar con sus negocios y dar un salto digital que los conecte con nuevos clientes.<\/p>\n<p>A la fecha se registran m\u00e1s de 23.000 cursos realizados y un n\u00famero de 6.000 personas que a lo menos, han desarrollado uno de los cursos que ofrece la plataforma. Este dato es muy significativo ya que quienes se capacitan a trav\u00e9s de Ruta Digital, efect\u00faan todos los cursos que este sitio ofrece, lo que habla de las ganas de estar a la vanguardia en distintas tem\u00e1ticas digitales.<\/p>\n<p>Para el a\u00f1o 2021 Sercotec proyecta sumar nuevos contenidos a Ruta Digital, que tambi\u00e9n ser\u00e1n trabajados en conjunto con la Universidad de Chile. La invitaci\u00f3n es aprovechar estas herramientas de capacitaci\u00f3n gratuitas, que est\u00e1n a disposici\u00f3n de todas las pymes de Chile.<\/p>\n<p style=\"text-align: center;\"><strong>ACERCA DE SERCOTEC<\/strong><\/p>\n<p style=\"text-align: left;\">El Servicio de Cooperaci\u00f3n T\u00e9cnica, Sercotec, es un servicio dependiente del Ministerio de Econom\u00eda, Fomento y Turismo. Es especialista en peque\u00f1os negocios y, busca apoyarlos, acompa\u00f1arlos y asesorarlos para que se desarrollen y sean una fuente de crecimiento para el pa\u00eds.<br \/>\nEl 98,6% de las empresas registradas en Chile son Pymes, hay m\u00e1s de 990.000 micro, peque\u00f1as y medianas empresas registradas (con ventas) ante el Servicio de Impuestos Internos, incluso, las mipymes dan trabajo a m\u00e1s del 50% de los trabajadores del pa\u00eds.<\/p>\n","protected":false},"excerpt":{"rendered":"<p>La digitalizaci\u00f3n ha marcado la diferencia en este nuevo escenario, tras la pandemia, para que muchas peque\u00f1as y medianas empresas puedan vender y visibilizar de&hellip; <\/p>\n","protected":false},"author":2,"featured_media":0,"comment_status":"open","ping_status":"closed","sticky":false,"template":"","format":"standard","meta":{"footnotes":""},"categories":[38],"tags":[],"class_list":["post-35200","post","type-post","status-publish","format-standard","hentry","category-portada-regional"],"_links":{"self":[{"href":"https:\/\/www.radioamigavallenar.cl\/index.php?rest_route=\/wp\/v2\/posts\/35200","targetHints":{"allow":["GET"]}}],"collection":[{"href":"https:\/\/www.radioamigavallenar.cl\/index.php?rest_route=\/wp\/v2\/posts"}],"about":[{"href":"https:\/\/www.radioamigavallenar.cl\/index.php?rest_route=\/wp\/v2\/types\/post"}],"author":[{"embeddable":true,"href":"https:\/\/www.radioamigavallenar.cl\/index.php?rest_route=\/wp\/v2\/users\/2"}],"replies":[{"embeddable":true,"href":"https:\/\/www.radioamigavallenar.cl\/index.php?rest_route=%2Fwp%2Fv2%2Fcomments&post=35200"}],"version-history":[{"count":1,"href":"https:\/\/www.radioamigavallenar.cl\/index.php?rest_route=\/wp\/v2\/posts\/35200\/revisions"}],"predecessor-version":[{"id":35202,"href":"https:\/\/www.radioamigavallenar.cl\/index.php?rest_route=\/wp\/v2\/posts\/35200\/revisions\/35202"}],"wp:attachment":[{"href":"https:\/\/www.radioamigavallenar.cl\/index.php?rest_route=%2Fwp%2Fv2%2Fmedia&parent=35200"}],"wp:term":[{"taxonomy":"category","embeddable":true,"href":"https:\/\/www.radioamigavallenar.cl\/index.php?rest_route=%2Fwp%2Fv2%2Fcategories&post=35200"},{"taxonomy":"post_tag","embeddable":true,"href":"https:\/\/www.radioamigavallenar.cl\/index.php?rest_route=%2Fwp%2Fv2%2Ftags&post=35200"}],"curies":[{"name":"wp","href":"https:\/\/api.w.org\/{rel}","templated":true}]}}