{"id":35168,"date":"2021-01-26T06:00:28","date_gmt":"2021-01-26T09:00:28","guid":{"rendered":"https:\/\/www.radioamigavallenar.cl\/?p=35168"},"modified":"2021-01-25T21:52:12","modified_gmt":"2021-01-26T00:52:12","slug":"llamado-al-autocuidado-ante-precipitaciones-en-sector-alto-del-valle-del-huasco","status":"publish","type":"post","link":"https:\/\/www.radioamigavallenar.cl\/?p=35168","title":{"rendered":"Llamado al autocuidado ante precipitaciones en sector alto del Valle del Huasco"},"content":{"rendered":"<p><strong>La condici\u00f3n de inestabilidad atmosf\u00e9rica se mantendr\u00e1 hoy en la tarde-noche con probabilidades de tormentas el\u00e9ctricas y lluvias, en el valle.<\/strong><\/p>\n<p><strong>\u00a0<\/strong><\/p>\n<p>&nbsp;<\/p>\n<p>Un llamado a fortalecer el autocuidado y la responsabilidad de todos frente al evento clim\u00e1tico que nos afecta, producto de las precipitaciones que se han manifestado en las \u00faltimas horas en sector precordillera y cordillera de la comuna\u00a0 de Alto del Carmen, realiz\u00f3 la Gobernadora de la Provincia, Nelly Galeb quien ha estado monitoreando la situaci\u00f3n a trav\u00e9s del trabajo que realizan los integrantes del COE Provincial y de los respectivos COE comuna de Emergencia, en Vallenar y en Alto del Carmen,\u00a0 ello sin dejar de lado los resguardos sanitarios que hay que tener en cuenta por la Pandemia.<\/p>\n<p>El equipo de Emergencia de la Gobernaci\u00f3n Provincial del Huasco, se reuni\u00f3 con los integrantes del Comit\u00e9 Operativo de Emergencia de la comuna de Alto del Carmen, encabezado por la Alcaldesa Carmen Bou,\u00a0 para analizar la situaci\u00f3n y revisar los informes que han llegado desde las distintas localidades, al interior del Valle.<\/p>\n<p>Cabe se\u00f1alar que las precipitaciones\u00a0 se dejaron sentir a partir de las 05:00 de la madrugada del lunes y hasta las 07:00 AM, en las distintas localidades de la comuna de Alto del Carmen, como as\u00ed tambi\u00e9n en Vallenar, y algunas precipitaciones intermitentes en Freirina.<\/p>\n<p>La informaci\u00f3n del momento es que no hay da\u00f1os, ni afectaciones en caminos ni en los sistemas de energ\u00eda el\u00e9ctrica y abastecimiento de agua potable. Registro Agua ca\u00edda en Vallenar 0,9mm.<\/p>\n<p>El informe de esta hora indica que desde la direcci\u00f3n de meteorolog\u00eda de Chile se indica que la condici\u00f3n de inestabilidad atmosf\u00e9rica se mantendr\u00e1 hoy en la tarde-noche con probabilidades de tormentas el\u00e9ctricas y lluvias, en el valle.<\/p>\n<p>Es importante mencionar que el auto cuidado es primordial para no lamentar condiciones desafortunadas y al mismo tiempo mantener siempre un kit de emergencias a mano, con medicamentos y elementos de emergencias, asimismo los n\u00fameros de tel\u00e9fonos de emergencias y por supuesto mantener las recomendaciones emanadas por los canales oficiales.<\/p>\n","protected":false},"excerpt":{"rendered":"<p>La condici\u00f3n de inestabilidad atmosf\u00e9rica se mantendr\u00e1 hoy en la tarde-noche con probabilidades de tormentas el\u00e9ctricas y lluvias, en el valle. \u00a0 &nbsp; Un llamado&hellip; <\/p>\n","protected":false},"author":2,"featured_media":0,"comment_status":"open","ping_status":"closed","sticky":false,"template":"","format":"standard","meta":{"footnotes":""},"categories":[7],"tags":[],"class_list":["post-35168","post","type-post","status-publish","format-standard","hentry","category-atacama"],"_links":{"self":[{"href":"https:\/\/www.radioamigavallenar.cl\/index.php?rest_route=\/wp\/v2\/posts\/35168","targetHints":{"allow":["GET"]}}],"collection":[{"href":"https:\/\/www.radioamigavallenar.cl\/index.php?rest_route=\/wp\/v2\/posts"}],"about":[{"href":"https:\/\/www.radioamigavallenar.cl\/index.php?rest_route=\/wp\/v2\/types\/post"}],"author":[{"embeddable":true,"href":"https:\/\/www.radioamigavallenar.cl\/index.php?rest_route=\/wp\/v2\/users\/2"}],"replies":[{"embeddable":true,"href":"https:\/\/www.radioamigavallenar.cl\/index.php?rest_route=%2Fwp%2Fv2%2Fcomments&post=35168"}],"version-history":[{"count":1,"href":"https:\/\/www.radioamigavallenar.cl\/index.php?rest_route=\/wp\/v2\/posts\/35168\/revisions"}],"predecessor-version":[{"id":35170,"href":"https:\/\/www.radioamigavallenar.cl\/index.php?rest_route=\/wp\/v2\/posts\/35168\/revisions\/35170"}],"wp:attachment":[{"href":"https:\/\/www.radioamigavallenar.cl\/index.php?rest_route=%2Fwp%2Fv2%2Fmedia&parent=35168"}],"wp:term":[{"taxonomy":"category","embeddable":true,"href":"https:\/\/www.radioamigavallenar.cl\/index.php?rest_route=%2Fwp%2Fv2%2Fcategories&post=35168"},{"taxonomy":"post_tag","embeddable":true,"href":"https:\/\/www.radioamigavallenar.cl\/index.php?rest_route=%2Fwp%2Fv2%2Ftags&post=35168"}],"curies":[{"name":"wp","href":"https:\/\/api.w.org\/{rel}","templated":true}]}}