{"id":35101,"date":"2021-01-23T08:10:01","date_gmt":"2021-01-23T11:10:01","guid":{"rendered":"https:\/\/www.radioamigavallenar.cl\/?p=35101"},"modified":"2021-01-23T09:11:40","modified_gmt":"2021-01-23T12:11:40","slug":"servel-rechaza-lista-de-candidatos-de-la-union-constituyente-por-el-distrito-20","status":"publish","type":"post","link":"https:\/\/www.radioamigavallenar.cl\/?p=35101","title":{"rendered":"Servel rechaza lista de candidatos de la Uni\u00f3n Constituyente por el distrito 20"},"content":{"rendered":"<p>El Servicio Electoral rechaz\u00f3 la lista de candidatos de la Uni\u00f3n Constituyente a la Convenci\u00f3n Constitucional por el distrito 20, esto debido a problemas con la inscripci\u00f3n de la candidata independiente,\u00a0<strong>Miriam Espinoza Zambrano<\/strong>.<\/p>\n<p>Adem\u00e1s del documento del Servel obtenido, la informaci\u00f3n <strong>fue confirmada<\/strong>\u00a0escuetamente por uno de los candidatos de la lista, el militante de la Democracia Cristiana, Oscar Vega, quien sin referirse al nombre de la candidata, admiti\u00f3 haber recibido la comunicaci\u00f3n oficial y la dif\u00edcil situaci\u00f3n en la que quedan los ocho candidatos del distrito 20.<\/p>\n<p>De acuerdo al documento del Servel, la candidata independiente aparece a\u00fan en los registros del organismo como\u00a0<strong>militante de un partido pol\u00edtico<\/strong>, por lo que se tratar\u00eda de una omisi\u00f3n insalvable, aunque existe una compleja forma de evitar que se caiga toda la lista.<\/p>\n<p>Seg\u00fan antecedentes los partidos de la Uni\u00f3n Constituyente estar\u00edan evaluando retirar el nombre de Miriam Espinoza, incluida en el cupo del Partido Progresista, <strong>pero adem\u00e1s retirar a un segundo candidato, hombre<\/strong>, de manera de cumplir con la paridad de g\u00e9nero obligada por ley.<\/p>\n","protected":false},"excerpt":{"rendered":"<p>El Servicio Electoral rechaz\u00f3 la lista de candidatos de la Uni\u00f3n Constituyente a la Convenci\u00f3n Constitucional por el distrito 20, esto debido a problemas con&hellip; <\/p>\n","protected":false},"author":2,"featured_media":28185,"comment_status":"open","ping_status":"closed","sticky":false,"template":"","format":"standard","meta":{"footnotes":""},"categories":[37],"tags":[],"class_list":["post-35101","post","type-post","status-publish","format-standard","has-post-thumbnail","hentry","category-nacional"],"_links":{"self":[{"href":"https:\/\/www.radioamigavallenar.cl\/index.php?rest_route=\/wp\/v2\/posts\/35101","targetHints":{"allow":["GET"]}}],"collection":[{"href":"https:\/\/www.radioamigavallenar.cl\/index.php?rest_route=\/wp\/v2\/posts"}],"about":[{"href":"https:\/\/www.radioamigavallenar.cl\/index.php?rest_route=\/wp\/v2\/types\/post"}],"author":[{"embeddable":true,"href":"https:\/\/www.radioamigavallenar.cl\/index.php?rest_route=\/wp\/v2\/users\/2"}],"replies":[{"embeddable":true,"href":"https:\/\/www.radioamigavallenar.cl\/index.php?rest_route=%2Fwp%2Fv2%2Fcomments&post=35101"}],"version-history":[{"count":1,"href":"https:\/\/www.radioamigavallenar.cl\/index.php?rest_route=\/wp\/v2\/posts\/35101\/revisions"}],"predecessor-version":[{"id":35102,"href":"https:\/\/www.radioamigavallenar.cl\/index.php?rest_route=\/wp\/v2\/posts\/35101\/revisions\/35102"}],"wp:featuredmedia":[{"embeddable":true,"href":"https:\/\/www.radioamigavallenar.cl\/index.php?rest_route=\/wp\/v2\/media\/28185"}],"wp:attachment":[{"href":"https:\/\/www.radioamigavallenar.cl\/index.php?rest_route=%2Fwp%2Fv2%2Fmedia&parent=35101"}],"wp:term":[{"taxonomy":"category","embeddable":true,"href":"https:\/\/www.radioamigavallenar.cl\/index.php?rest_route=%2Fwp%2Fv2%2Fcategories&post=35101"},{"taxonomy":"post_tag","embeddable":true,"href":"https:\/\/www.radioamigavallenar.cl\/index.php?rest_route=%2Fwp%2Fv2%2Ftags&post=35101"}],"curies":[{"name":"wp","href":"https:\/\/api.w.org\/{rel}","templated":true}]}}