{"id":35098,"date":"2021-01-23T09:09:44","date_gmt":"2021-01-23T12:09:44","guid":{"rendered":"https:\/\/www.radioamigavallenar.cl\/?p=35098"},"modified":"2021-01-23T09:09:44","modified_gmt":"2021-01-23T12:09:44","slug":"proyectan-que-ipc-aumentaria-047-durante-enero-y-el-imacec-seria-mejor-a-lo-esperado","status":"publish","type":"post","link":"https:\/\/www.radioamigavallenar.cl\/?p=35098","title":{"rendered":"Proyectan que IPC aumentar\u00eda 0,47% durante enero y el Imacec ser\u00eda \u00abmejor a lo esperado\u00bb"},"content":{"rendered":"<p>Comenzando el a\u00f1o al alza, el\u00a0<strong>\u00cdndice de Precios al Consumidor<\/strong>\u00a0(IPC) aumentar\u00eda en 0,47% durante enero, de acuerdo a la proyecci\u00f3n de las 58 instituciones consultadas por el Banco Central, en la \u00faltima Encuesta de Operadores Financieros.<\/p>\n<p>El pron\u00f3stico supera al del \u00faltimo sondeo, donde se estimaba un incremento de 0,3% en el primer mes del 2021. En febrero y marzo,\u00a0<strong>la tendencia ir\u00eda levemente a la baja<\/strong>, con alzas de 0,3 y 0,4% respectivamente.<\/p>\n<p>Al igual que en 2020, se proyecta que los pr\u00f3ximos doce meses<strong>\u00a0la inflaci\u00f3n termine justo en el centro del rango meta<\/strong>\u00a0del Banco Central, en 3%.<\/p>\n<p>El estratega de mercados de XTB Latam,\u00a0<strong>Diego Mora<\/strong>, estim\u00f3 que las proyecciones se condicen con un optimismo generalizado a nivel global respecto de la recuperaci\u00f3n econ\u00f3mica y el efecto de las vacunas.<\/p>\n<p>\u201cEn el corto plazo podr\u00edamos estar viendo un Imacec en el mes de enero mejor a lo esperado, porque el retiro del segundo 10% por su puesto que le da un boom importante a la econom\u00eda chilena\u201d, remarc\u00f3 el especialista.<\/p>\n<p>En cuanto al tipo de cambio (de CLP a US$), los encuestados estimaron que\u00a0<strong>se mantendr\u00eda en 720 durante los pr\u00f3ximos siete d\u00edas<\/strong>\u00a0y en un nivel similar durante el resto del mes.<\/p>\n","protected":false},"excerpt":{"rendered":"<p>Comenzando el a\u00f1o al alza, el\u00a0\u00cdndice de Precios al Consumidor\u00a0(IPC) aumentar\u00eda en 0,47% durante enero, de acuerdo a la proyecci\u00f3n de las 58 instituciones consultadas&hellip; <\/p>\n","protected":false},"author":2,"featured_media":0,"comment_status":"open","ping_status":"closed","sticky":false,"template":"","format":"standard","meta":{"footnotes":""},"categories":[37],"tags":[],"class_list":["post-35098","post","type-post","status-publish","format-standard","hentry","category-nacional"],"_links":{"self":[{"href":"https:\/\/www.radioamigavallenar.cl\/index.php?rest_route=\/wp\/v2\/posts\/35098","targetHints":{"allow":["GET"]}}],"collection":[{"href":"https:\/\/www.radioamigavallenar.cl\/index.php?rest_route=\/wp\/v2\/posts"}],"about":[{"href":"https:\/\/www.radioamigavallenar.cl\/index.php?rest_route=\/wp\/v2\/types\/post"}],"author":[{"embeddable":true,"href":"https:\/\/www.radioamigavallenar.cl\/index.php?rest_route=\/wp\/v2\/users\/2"}],"replies":[{"embeddable":true,"href":"https:\/\/www.radioamigavallenar.cl\/index.php?rest_route=%2Fwp%2Fv2%2Fcomments&post=35098"}],"version-history":[{"count":1,"href":"https:\/\/www.radioamigavallenar.cl\/index.php?rest_route=\/wp\/v2\/posts\/35098\/revisions"}],"predecessor-version":[{"id":35100,"href":"https:\/\/www.radioamigavallenar.cl\/index.php?rest_route=\/wp\/v2\/posts\/35098\/revisions\/35100"}],"wp:attachment":[{"href":"https:\/\/www.radioamigavallenar.cl\/index.php?rest_route=%2Fwp%2Fv2%2Fmedia&parent=35098"}],"wp:term":[{"taxonomy":"category","embeddable":true,"href":"https:\/\/www.radioamigavallenar.cl\/index.php?rest_route=%2Fwp%2Fv2%2Fcategories&post=35098"},{"taxonomy":"post_tag","embeddable":true,"href":"https:\/\/www.radioamigavallenar.cl\/index.php?rest_route=%2Fwp%2Fv2%2Ftags&post=35098"}],"curies":[{"name":"wp","href":"https:\/\/api.w.org\/{rel}","templated":true}]}}