{"id":35096,"date":"2021-01-23T09:08:21","date_gmt":"2021-01-23T12:08:21","guid":{"rendered":"https:\/\/www.radioamigavallenar.cl\/?p=35096"},"modified":"2021-01-23T09:08:21","modified_gmt":"2021-01-23T12:08:21","slug":"pinera-asegura-que-planean-vacunar-a-toda-la-poblacion-de-riesgo-contra-el-covid-en-primer-trimestre","status":"publish","type":"post","link":"https:\/\/www.radioamigavallenar.cl\/?p=35096","title":{"rendered":"Pi\u00f1era asegura que planean vacunar a toda la poblaci\u00f3n de riesgo contra el covid en primer trimestre"},"content":{"rendered":"<p>Ayer viernes a las 21:30 el presidente de la Rep\u00fablica, <strong>Sebasti\u00e1n Pi\u00f1era<\/strong>, realiz\u00f3 una cadena nacional para referirse al plan de vacunaci\u00f3n para enfrentar la pandemia de coronavirus que cada d\u00eda suma miles de contagiados.<\/p>\n<p>En la instancia, el Mandatario hizo un recuento de los primeros grupos en ser inoculados e inform\u00f3 que la \u201cfase masiva\u201d del plan de vacunaci\u00f3n 2021 comenzar\u00e1 en las pr\u00f3ximas semanas.<\/p>\n<p>\u201cEl pr\u00f3ximo jueves 28 de enero llegaran a nuestro pa\u00eds casi dos millones de dosis de vacunas Sinovac, y el domingo 31 de enero, casi dos millones adicionales, lo que nos permitir\u00e1 iniciar la fase masiva del Plan de Vacunaci\u00f3n Covid 2021\u201d, coment\u00f3.<\/p>\n<p>Esto, gracias a la aprobaci\u00f3n del uso de emergencia que\u00a0<strong>esta semana concedi\u00f3 el ISP a la vacuna de Sinovac<\/strong>.<\/p>\n<p>Sobre las prioridades para inocular, el Jefe de Estado indic\u00f3 que primero est\u00e1 el personal de salud que trabaja con pacientes cr\u00edticos, luego los adultos mayores y posteriormente el resto del personal de salud.<\/p>\n<p>Durante el primer trimestre el Gobierno espera vacunar a 5 millones de personas, confirm\u00f3 el Presidente. En concreto, se trata de la denominada poblaci\u00f3n de riesgo.<\/p>\n<p>Mientras tanto, gracias a las dosis que proveer\u00e1n Pfizer\/BioNTech y Sinovac, en los primeros seis meses del a\u00f1o se proyecta vacunar a toda la poblaci\u00f3n objetivo, es decir, casi 16 millones de personas.<\/p>\n<figure id=\"attachment_4803723\" class=\"wp-caption alignnone\" aria-describedby=\"caption-attachment-4803723\"><img loading=\"lazy\" decoding=\"async\" class=\"size-large wp-image-4803723\" src=\"https:\/\/media.biobiochile.cl\/wp-content\/uploads\/2021\/01\/whatsapp-image-2021-01-22-at-21-53-49-768x768.jpeg\" sizes=\"auto, (max-width: 709px) 85vw, (max-width: 909px) 67vw, (max-width: 984px) 61vw, (max-width: 1362px) 45vw, 600px\" srcset=\"https:\/\/media.biobiochile.cl\/wp-content\/uploads\/2021\/01\/whatsapp-image-2021-01-22-at-21-53-49-768x768.jpeg 768w, https:\/\/media.biobiochile.cl\/wp-content\/uploads\/2021\/01\/whatsapp-image-2021-01-22-at-21-53-49.jpeg 1080w\" alt=\"\" width=\"768\" height=\"768\" \/><figcaption id=\"caption-attachment-4803723\" class=\"wp-caption-text\">Gobierno de Chile<\/figcaption><\/figure>\n<p>\u201cEn Chile tenemos la ventaja de contar con un experimentado y eficiente Programa Nacional de Inmunizaci\u00f3n (PNI), lo cual representa una seguridad y tranquilidad para todos los chilenos\u201d, destac\u00f3 tambi\u00e9n Pi\u00f1era, asegurando que \u201ccon la ayuda de Dios\u201d nuestro pa\u00eds podr\u00e1 superar la adversidad.<\/p>\n","protected":false},"excerpt":{"rendered":"<p>Ayer viernes a las 21:30 el presidente de la Rep\u00fablica, Sebasti\u00e1n Pi\u00f1era, realiz\u00f3 una cadena nacional para referirse al plan de vacunaci\u00f3n para enfrentar la&hellip; <\/p>\n","protected":false},"author":2,"featured_media":22235,"comment_status":"open","ping_status":"closed","sticky":false,"template":"","format":"standard","meta":{"footnotes":""},"categories":[37],"tags":[],"class_list":["post-35096","post","type-post","status-publish","format-standard","has-post-thumbnail","hentry","category-nacional"],"_links":{"self":[{"href":"https:\/\/www.radioamigavallenar.cl\/index.php?rest_route=\/wp\/v2\/posts\/35096","targetHints":{"allow":["GET"]}}],"collection":[{"href":"https:\/\/www.radioamigavallenar.cl\/index.php?rest_route=\/wp\/v2\/posts"}],"about":[{"href":"https:\/\/www.radioamigavallenar.cl\/index.php?rest_route=\/wp\/v2\/types\/post"}],"author":[{"embeddable":true,"href":"https:\/\/www.radioamigavallenar.cl\/index.php?rest_route=\/wp\/v2\/users\/2"}],"replies":[{"embeddable":true,"href":"https:\/\/www.radioamigavallenar.cl\/index.php?rest_route=%2Fwp%2Fv2%2Fcomments&post=35096"}],"version-history":[{"count":1,"href":"https:\/\/www.radioamigavallenar.cl\/index.php?rest_route=\/wp\/v2\/posts\/35096\/revisions"}],"predecessor-version":[{"id":35097,"href":"https:\/\/www.radioamigavallenar.cl\/index.php?rest_route=\/wp\/v2\/posts\/35096\/revisions\/35097"}],"wp:featuredmedia":[{"embeddable":true,"href":"https:\/\/www.radioamigavallenar.cl\/index.php?rest_route=\/wp\/v2\/media\/22235"}],"wp:attachment":[{"href":"https:\/\/www.radioamigavallenar.cl\/index.php?rest_route=%2Fwp%2Fv2%2Fmedia&parent=35096"}],"wp:term":[{"taxonomy":"category","embeddable":true,"href":"https:\/\/www.radioamigavallenar.cl\/index.php?rest_route=%2Fwp%2Fv2%2Fcategories&post=35096"},{"taxonomy":"post_tag","embeddable":true,"href":"https:\/\/www.radioamigavallenar.cl\/index.php?rest_route=%2Fwp%2Fv2%2Ftags&post=35096"}],"curies":[{"name":"wp","href":"https:\/\/api.w.org\/{rel}","templated":true}]}}