{"id":35093,"date":"2021-01-23T07:05:33","date_gmt":"2021-01-23T10:05:33","guid":{"rendered":"https:\/\/www.radioamigavallenar.cl\/?p=35093"},"modified":"2021-01-23T09:06:14","modified_gmt":"2021-01-23T12:06:14","slug":"energia-eolica-pasara-de-28-a-20-de-participacion-en-la-matriz-al-2023","status":"publish","type":"post","link":"https:\/\/www.radioamigavallenar.cl\/?p=35093","title":{"rendered":"Energ\u00eda e\u00f3lica pasar\u00e1 de 2,8% a 20% de participaci\u00f3n en la matriz al 2023"},"content":{"rendered":"<p>Crece el aporte de energ\u00eda renovable no convencional, as\u00ed como el protagonismo de la componente e\u00f3lica cuya participaci\u00f3n en la matriz el\u00e9ctrica crecer\u00e1 del 2,8% actual a 20% al 2023.<\/p>\n<div class=\"single-post-container pt-2\">\n<p>Un nuevo proyecto de inversi\u00f3n se suma a la cartera la Regi\u00f3n del Biob\u00edo, y como ha sido la tendencia de los \u00faltimos a\u00f1os, corresponde al sector energ\u00eda. Se trata del parque e\u00f3lico \u201cDon \u00c1lvaro\u201d, inversi\u00f3n de US$154 millones.<\/p>\n<p>El seremi de Energ\u00eda de Biob\u00edo, Mauricio Henr\u00edquez, valor\u00f3 el ingreso de esta nueva iniciativa, e inform\u00f3 que con la actual cartera de proyectos e\u00f3licos, se proyecta que para el a\u00f1o 2023, esta componente abarcar\u00e1 el 20,3% de la matriz el\u00e9ctrica nacional.<\/p>\n<p>\u201cLa vocaci\u00f3n e\u00f3lica de la Regi\u00f3n del Biob\u00edo se sigue confirmando. La mayor inversi\u00f3n privada viene de este sector, y seguimos dejando atr\u00e1s combustibles f\u00f3siles. Hoy se desarrollan seis proyectos e\u00f3licos en la provicnia de Biob\u00edo y ya hay otros dos que comienzan a construirse este y el pr\u00f3ximo a\u00f1o. Esto habla bien del sector energ\u00eda, que trabaja para dejar una matriz m\u00e1s limpia en beneficio de toda la poblaci\u00f3n\u201d, dijo Henr\u00edquez.<\/p>\n<h3 style=\"text-align: center;\">Parque e\u00f3lico Don \u00c1lvaro<\/h3>\n<p>Parque e\u00f3lico Don \u00c1lvaro consiste en la construcci\u00f3n y operaci\u00f3n de una planta conformada por diecinueve aerogeneradores de hasta 6 MW de potencia cada uno, que en conjunto generar\u00e1n una potencia total de hasta 114 MW (la cerrada Bocamina 1 a carb\u00f3n generaba 128 MW), la cual evacuar\u00e1 la energ\u00eda hacia la sub estaci\u00f3n del Parque E\u00f3lico Campo Lindo. El titular de proyecto, Juan Monckeberg, especifica en la Declaraci\u00f3n de Impacto Ambiental (DIA), que el objetivo es la construcci\u00f3n y operaci\u00f3n de un parque e\u00f3lico que producir\u00e1 e inyectar\u00e1 al Sistema El\u00e9ctrico Nacional aproximadamente 360 GWh anuales de energ\u00eda renovable no convencional (Ernc), mediante el aprovechamiento de la energ\u00eda e\u00f3lica por medio de de los 19 aerogeneradores.<\/p>\n<p>La iniciativa, que se ubicar\u00e1 aproximadamente a unos 13 km al oeste del centro urbano de la ciudad de Los \u00c1ngeles, pretende iniciar obras en octubre de este a\u00f1o.<\/p>\n<p>La empresa Energ\u00eda E\u00f3lica Don \u00c1lvaro SpA, da cuenta que el proyecto se justifica por el potencial e\u00f3lico existente en el \u00e1rea, la aptitud de los terrenos y por modificaci\u00f3n de generaci\u00f3n el\u00e9ctrica, en el sentido del plan de descarbonizaci\u00f3n en marcha con el cierre anticipado de centrales t\u00e9rmicas a carb\u00f3n, como el ocurrido a inicios de a\u00f1o con Bocamina 1, que Enel operaba en Coronel.<\/p>\n<\/div>\n","protected":false},"excerpt":{"rendered":"<p>Crece el aporte de energ\u00eda renovable no convencional, as\u00ed como el protagonismo de la componente e\u00f3lica cuya participaci\u00f3n en la matriz el\u00e9ctrica crecer\u00e1 del 2,8%&hellip; <\/p>\n","protected":false},"author":2,"featured_media":0,"comment_status":"open","ping_status":"closed","sticky":false,"template":"","format":"standard","meta":{"footnotes":""},"categories":[38],"tags":[],"class_list":["post-35093","post","type-post","status-publish","format-standard","hentry","category-portada-regional"],"_links":{"self":[{"href":"https:\/\/www.radioamigavallenar.cl\/index.php?rest_route=\/wp\/v2\/posts\/35093","targetHints":{"allow":["GET"]}}],"collection":[{"href":"https:\/\/www.radioamigavallenar.cl\/index.php?rest_route=\/wp\/v2\/posts"}],"about":[{"href":"https:\/\/www.radioamigavallenar.cl\/index.php?rest_route=\/wp\/v2\/types\/post"}],"author":[{"embeddable":true,"href":"https:\/\/www.radioamigavallenar.cl\/index.php?rest_route=\/wp\/v2\/users\/2"}],"replies":[{"embeddable":true,"href":"https:\/\/www.radioamigavallenar.cl\/index.php?rest_route=%2Fwp%2Fv2%2Fcomments&post=35093"}],"version-history":[{"count":1,"href":"https:\/\/www.radioamigavallenar.cl\/index.php?rest_route=\/wp\/v2\/posts\/35093\/revisions"}],"predecessor-version":[{"id":35095,"href":"https:\/\/www.radioamigavallenar.cl\/index.php?rest_route=\/wp\/v2\/posts\/35093\/revisions\/35095"}],"wp:attachment":[{"href":"https:\/\/www.radioamigavallenar.cl\/index.php?rest_route=%2Fwp%2Fv2%2Fmedia&parent=35093"}],"wp:term":[{"taxonomy":"category","embeddable":true,"href":"https:\/\/www.radioamigavallenar.cl\/index.php?rest_route=%2Fwp%2Fv2%2Fcategories&post=35093"},{"taxonomy":"post_tag","embeddable":true,"href":"https:\/\/www.radioamigavallenar.cl\/index.php?rest_route=%2Fwp%2Fv2%2Ftags&post=35093"}],"curies":[{"name":"wp","href":"https:\/\/api.w.org\/{rel}","templated":true}]}}