{"id":35091,"date":"2021-01-23T08:01:38","date_gmt":"2021-01-23T11:01:38","guid":{"rendered":"https:\/\/www.radioamigavallenar.cl\/?p=35091"},"modified":"2021-01-23T09:02:21","modified_gmt":"2021-01-23T12:02:21","slug":"dos-fallecidos-por-covid-19-registro-ayer-atacama-elevando-el-total-a-96","status":"publish","type":"post","link":"https:\/\/www.radioamigavallenar.cl\/?p=35091","title":{"rendered":"Dos fallecidos por COVID-19 registr\u00f3 ayer Atacama elevando el total a 96"},"content":{"rendered":"<p>El Servicio de Salud de Atacama inform\u00f3 ayer los lamentables fallecimientos de dos personas afectadas por coronavirus en la Regi\u00f3n de Atacama.<\/p>\n<p>Los pacientes de 83 y 85 a\u00f1os se encontraban en el Hospital Regional de Copiap\u00f3. Pese a los esfuerzos de los equipos de salud, los pacientes fallecieron debido a las complicaciones provocadas por esta grave enfermedad.<\/p>\n<p>El Servicio de Salud expres\u00f3 sus m\u00e1s sentidas condolencias a las familias y seres queridos ante estos complejos momentos.<\/p>\n<div class=\"code-block code-block-3\"><\/div>\n<p>Finalmente se indic\u00f3 que sus residencias corresponden a las comunas de Copiap\u00f3 y Caldera. De esta manera, nuestra Regi\u00f3n de Atacama registra 96 personas que han perdido la vida debido a la actual pandemia.<\/p>\n","protected":false},"excerpt":{"rendered":"<p>El Servicio de Salud de Atacama inform\u00f3 ayer los lamentables fallecimientos de dos personas afectadas por coronavirus en la Regi\u00f3n de Atacama. Los pacientes de&hellip; <\/p>\n","protected":false},"author":2,"featured_media":29454,"comment_status":"open","ping_status":"closed","sticky":false,"template":"","format":"standard","meta":{"footnotes":""},"categories":[38],"tags":[],"class_list":["post-35091","post","type-post","status-publish","format-standard","has-post-thumbnail","hentry","category-portada-regional"],"_links":{"self":[{"href":"https:\/\/www.radioamigavallenar.cl\/index.php?rest_route=\/wp\/v2\/posts\/35091","targetHints":{"allow":["GET"]}}],"collection":[{"href":"https:\/\/www.radioamigavallenar.cl\/index.php?rest_route=\/wp\/v2\/posts"}],"about":[{"href":"https:\/\/www.radioamigavallenar.cl\/index.php?rest_route=\/wp\/v2\/types\/post"}],"author":[{"embeddable":true,"href":"https:\/\/www.radioamigavallenar.cl\/index.php?rest_route=\/wp\/v2\/users\/2"}],"replies":[{"embeddable":true,"href":"https:\/\/www.radioamigavallenar.cl\/index.php?rest_route=%2Fwp%2Fv2%2Fcomments&post=35091"}],"version-history":[{"count":1,"href":"https:\/\/www.radioamigavallenar.cl\/index.php?rest_route=\/wp\/v2\/posts\/35091\/revisions"}],"predecessor-version":[{"id":35092,"href":"https:\/\/www.radioamigavallenar.cl\/index.php?rest_route=\/wp\/v2\/posts\/35091\/revisions\/35092"}],"wp:featuredmedia":[{"embeddable":true,"href":"https:\/\/www.radioamigavallenar.cl\/index.php?rest_route=\/wp\/v2\/media\/29454"}],"wp:attachment":[{"href":"https:\/\/www.radioamigavallenar.cl\/index.php?rest_route=%2Fwp%2Fv2%2Fmedia&parent=35091"}],"wp:term":[{"taxonomy":"category","embeddable":true,"href":"https:\/\/www.radioamigavallenar.cl\/index.php?rest_route=%2Fwp%2Fv2%2Fcategories&post=35091"},{"taxonomy":"post_tag","embeddable":true,"href":"https:\/\/www.radioamigavallenar.cl\/index.php?rest_route=%2Fwp%2Fv2%2Ftags&post=35091"}],"curies":[{"name":"wp","href":"https:\/\/api.w.org\/{rel}","templated":true}]}}