{"id":35089,"date":"2021-01-23T09:00:43","date_gmt":"2021-01-23T12:00:43","guid":{"rendered":"https:\/\/www.radioamigavallenar.cl\/?p=35089"},"modified":"2021-01-23T09:00:43","modified_gmt":"2021-01-23T12:00:43","slug":"diputado-santana-por-aprobacion-de-proyecto-que-prohibe-exigir-marcas-de-utiles-escolares-el-mercado-no-puede-estar-sobre-la-educacion","status":"publish","type":"post","link":"https:\/\/www.radioamigavallenar.cl\/?p=35089","title":{"rendered":"Diputado Santana por aprobaci\u00f3n de proyecto que proh\u00edbe exigir marcas de \u00fatiles escolares: \u201cEl mercado no puede estar sobre la educaci\u00f3n\u201d"},"content":{"rendered":"<p>El presidente de la comisi\u00f3n de Educaci\u00f3n de la C\u00e1mara de Diputadas y Diputados y autor del proyecto, Juan Santana, valor\u00f3 que se aprobara la iniciativa que proh\u00edbe a los colegios exigir \u00fatiles escolares de determinadas marcas, art\u00edculos de aseo o escritorio y la compra de textos escolares determinados.<\/p>\n<p>Sobre ello, el sub jefe de bancada del Partido Socialista sostuvo que \u201cel derecho a la educaci\u00f3n implica asegurar las condiciones materiales para que las y los alumnos puedan estudiar, implica asegurar acceso a textos escolares de car\u00e1cter gratuitos en todos los establecimientos del pa\u00eds, niveles y plataformas, y frente al incumplimiento queremos establecer m\u00e1s altas sanciones y fiscalizaci\u00f3n\u201d.<\/p>\n<p>Adem\u00e1s, el parlamentario explic\u00f3 que \u201cla Fiscal\u00eda Nacional Econ\u00f3mica ha se\u00f1alado que el mercado de textos escolares se encuentra altamente concentrado, y que la manera en la cual se compite no se alinea con las preferencias de los apoderados, quienes soportan la alta carga econ\u00f3mica de pagar los textos\u201d.<\/p>\n<p>Para cerrar, Santana se\u00f1al\u00f3 que \u201cesta iniciativa viene a reafirmar que el bien jur\u00eddico superior es la educaci\u00f3n, y que los padres, madres y apoderados valoran tener acceso a materiales de calidad y sin costo para sus hijos e hijas\u201d.<\/p>\n","protected":false},"excerpt":{"rendered":"<p>El presidente de la comisi\u00f3n de Educaci\u00f3n de la C\u00e1mara de Diputadas y Diputados y autor del proyecto, Juan Santana, valor\u00f3 que se aprobara la&hellip; <\/p>\n","protected":false},"author":2,"featured_media":32367,"comment_status":"open","ping_status":"closed","sticky":false,"template":"","format":"standard","meta":{"footnotes":""},"categories":[38],"tags":[],"class_list":["post-35089","post","type-post","status-publish","format-standard","has-post-thumbnail","hentry","category-portada-regional"],"_links":{"self":[{"href":"https:\/\/www.radioamigavallenar.cl\/index.php?rest_route=\/wp\/v2\/posts\/35089","targetHints":{"allow":["GET"]}}],"collection":[{"href":"https:\/\/www.radioamigavallenar.cl\/index.php?rest_route=\/wp\/v2\/posts"}],"about":[{"href":"https:\/\/www.radioamigavallenar.cl\/index.php?rest_route=\/wp\/v2\/types\/post"}],"author":[{"embeddable":true,"href":"https:\/\/www.radioamigavallenar.cl\/index.php?rest_route=\/wp\/v2\/users\/2"}],"replies":[{"embeddable":true,"href":"https:\/\/www.radioamigavallenar.cl\/index.php?rest_route=%2Fwp%2Fv2%2Fcomments&post=35089"}],"version-history":[{"count":1,"href":"https:\/\/www.radioamigavallenar.cl\/index.php?rest_route=\/wp\/v2\/posts\/35089\/revisions"}],"predecessor-version":[{"id":35090,"href":"https:\/\/www.radioamigavallenar.cl\/index.php?rest_route=\/wp\/v2\/posts\/35089\/revisions\/35090"}],"wp:featuredmedia":[{"embeddable":true,"href":"https:\/\/www.radioamigavallenar.cl\/index.php?rest_route=\/wp\/v2\/media\/32367"}],"wp:attachment":[{"href":"https:\/\/www.radioamigavallenar.cl\/index.php?rest_route=%2Fwp%2Fv2%2Fmedia&parent=35089"}],"wp:term":[{"taxonomy":"category","embeddable":true,"href":"https:\/\/www.radioamigavallenar.cl\/index.php?rest_route=%2Fwp%2Fv2%2Fcategories&post=35089"},{"taxonomy":"post_tag","embeddable":true,"href":"https:\/\/www.radioamigavallenar.cl\/index.php?rest_route=%2Fwp%2Fv2%2Ftags&post=35089"}],"curies":[{"name":"wp","href":"https:\/\/api.w.org\/{rel}","templated":true}]}}