{"id":35086,"date":"2021-01-23T08:59:12","date_gmt":"2021-01-23T11:59:12","guid":{"rendered":"https:\/\/www.radioamigavallenar.cl\/?p=35086"},"modified":"2021-01-23T08:59:12","modified_gmt":"2021-01-23T11:59:12","slug":"seremi-del-trabajo-s-valora-respaldo-a-proyecto-que-establece-nueva-modalidad-de-pension-para-enfermos-terminales","status":"publish","type":"post","link":"https:\/\/www.radioamigavallenar.cl\/?p=35086","title":{"rendered":"Seremi del Trabajo (s) valora respaldo a proyecto que establece nueva modalidad de pensi\u00f3n para enfermos terminales"},"content":{"rendered":"<p>La Seremi del Trabajo y Previsi\u00f3n Social (S), de Atacama, Pamela Orellana, valor\u00f3 el despacho a ley del proyecto que establece una nueva modalidad de pensi\u00f3n para enfermos terminales, luego que la Sala de la C\u00e1mara de Diputados lo aprobara por unanimidad en su tercer y \u00faltimo tr\u00e1mite legislativo.<\/p>\n<p>La nueva normativa beneficiar\u00e1 a todos aquellos afiliados activos o pensionados que, producto de una enfermedad terminal, ven dr\u00e1sticamente reducida su expectativa de vida a un rango inferior a 12 meses, los que podr\u00e1n acceder de una manera especial a los recursos que ahorraron para su futura jubilaci\u00f3n.<\/p>\n<p>ACCESO:<\/p>\n<p><a>Indic\u00f3 la autoridad que \u201cesta es una ley que va a ayudar en garantizar mayor bienestar en materia de seguridad social<\/a>.\u00a0<a>Consagra el derecho de aquellas personas que est\u00e1n enfrentando una situaci\u00f3n tan dif\u00edcil como el haber recibido la noticia de tener una enfermedad terminal, ahora pueda tener una manera distinta de disponer de los recursos que durante su vida laboral acumularon pensando en una futura pensi\u00f3n<\/a>\u201d.<\/p>\n<p>Para acceder al beneficio, se crear\u00e1 el Consejo M\u00e9dico de la Superintendencia de Pensiones, quien ser\u00e1 el organismo encargado de calificar o certificar la calidad de enfermo terminal. Este \u00faltimo se entender\u00e1 a toda persona con una condici\u00f3n patol\u00f3gica grave diagnosticada, progresiva e irreversible, sin tratamiento espec\u00edfico curativo o que permita modificar su sobrevida, o bien cuando los recursos terap\u00e9uticos utilizados han dejado de ser eficaces, y con una expectativa de vida inferior a 12 meses.<\/p>\n<p>La medida permitir\u00e1 el retiro de sus fondos previsionales como Excedente de Libre Disposici\u00f3n, manteniendo al menos los recursos necesarios para financiar: una Renta Temporal por 12 meses igual a lo menos a la Pensi\u00f3n B\u00e1sica Solidaria; la Cuota Mortuoria (15 UF) y las pensiones de sobrevivencia, de corresponder.<\/p>\n<p>Los beneficiarios ser\u00e1n: afiliados activos al sistema de pensiones de AFP; pensionados por vejez, vejez anticipada, invalidez total o parcial o sobrevivencia, bajo todas las modalidades, salvo Renta Vitalicia; y pensionados de la Ley de Accidentes y enfermedades profesionales N\u00b0 16.744.<\/p>\n","protected":false},"excerpt":{"rendered":"<p>La Seremi del Trabajo y Previsi\u00f3n Social (S), de Atacama, Pamela Orellana, valor\u00f3 el despacho a ley del proyecto que establece una nueva modalidad de&hellip; <\/p>\n","protected":false},"author":2,"featured_media":0,"comment_status":"open","ping_status":"closed","sticky":false,"template":"","format":"standard","meta":{"footnotes":""},"categories":[38],"tags":[],"class_list":["post-35086","post","type-post","status-publish","format-standard","hentry","category-portada-regional"],"_links":{"self":[{"href":"https:\/\/www.radioamigavallenar.cl\/index.php?rest_route=\/wp\/v2\/posts\/35086","targetHints":{"allow":["GET"]}}],"collection":[{"href":"https:\/\/www.radioamigavallenar.cl\/index.php?rest_route=\/wp\/v2\/posts"}],"about":[{"href":"https:\/\/www.radioamigavallenar.cl\/index.php?rest_route=\/wp\/v2\/types\/post"}],"author":[{"embeddable":true,"href":"https:\/\/www.radioamigavallenar.cl\/index.php?rest_route=\/wp\/v2\/users\/2"}],"replies":[{"embeddable":true,"href":"https:\/\/www.radioamigavallenar.cl\/index.php?rest_route=%2Fwp%2Fv2%2Fcomments&post=35086"}],"version-history":[{"count":1,"href":"https:\/\/www.radioamigavallenar.cl\/index.php?rest_route=\/wp\/v2\/posts\/35086\/revisions"}],"predecessor-version":[{"id":35088,"href":"https:\/\/www.radioamigavallenar.cl\/index.php?rest_route=\/wp\/v2\/posts\/35086\/revisions\/35088"}],"wp:attachment":[{"href":"https:\/\/www.radioamigavallenar.cl\/index.php?rest_route=%2Fwp%2Fv2%2Fmedia&parent=35086"}],"wp:term":[{"taxonomy":"category","embeddable":true,"href":"https:\/\/www.radioamigavallenar.cl\/index.php?rest_route=%2Fwp%2Fv2%2Fcategories&post=35086"},{"taxonomy":"post_tag","embeddable":true,"href":"https:\/\/www.radioamigavallenar.cl\/index.php?rest_route=%2Fwp%2Fv2%2Ftags&post=35086"}],"curies":[{"name":"wp","href":"https:\/\/api.w.org\/{rel}","templated":true}]}}