{"id":35083,"date":"2021-01-23T08:53:44","date_gmt":"2021-01-23T11:53:44","guid":{"rendered":"https:\/\/www.radioamigavallenar.cl\/?p=35083"},"modified":"2021-01-23T08:53:44","modified_gmt":"2021-01-23T11:53:44","slug":"personal-de-salud-de-gendarmeria-recibe-vacuna-contra-el-covid-19-en-la-region","status":"publish","type":"post","link":"https:\/\/www.radioamigavallenar.cl\/?p=35083","title":{"rendered":"Personal de Salud de Gendarmer\u00eda recibe vacuna contra el covid-19 en la regi\u00f3n"},"content":{"rendered":"<p><strong>Funcionarios la regi\u00f3n de Atacama fueron los primeros inmunizados de la Instituci\u00f3n, a nivel nacional. \u00a0\u00a0\u00a0\u00a0\u00a0\u00a0<\/strong><span id=\"more-133313\"><\/span><\/p>\n<p>Las gestiones realizadas, entre el \u00c1rea de Salud de la Direcci\u00f3n Regional de Gendarmer\u00eda Atacama con el Servicio de Salud, permitieron la inoculaci\u00f3n de personal TENS del Centro de Cumplimiento Penitenciario (CCP) de Cha\u00f1aral y del CCP Copiap\u00f3. Se trata de la primera dosis de la vacuna Pfizer, a la cual los funcionarios accedieron de manera voluntaria.<\/p>\n<p>La encargada de salud (s) de Gendarmer\u00eda Regi\u00f3n de Atacama, Karla Ocayo Tapia, indic\u00f3 que \u201ces de suma relevancia que los funcionarios de salud de Gendarmer\u00eda puedan acceder a las primera dosis de la vacuna Pfizer, debido a la importancia de preservar la integridad de nuestro personal de salud, quienes son la primera l\u00ednea de respuesta, al interior de las c\u00e1rceles; sobre todo en contexto de pandemia\u201d.<\/p>\n<p>El director regional coronel V\u00edctor Vera Bustos, recalc\u00f3 que, \u201ces muy valorable que nuestro personal de salud, sea uno de los primeros grupos en recibir la primera dosis de la vacuna contra el Covid-19, pues son ellos quienes se exponen a eventuales contagios y se encuentran constantemente atendiendo a la poblaci\u00f3n penal de la regi\u00f3n.<\/p>\n<p>\u201cSe trata de un proceso voluntario, gratuito y progresivo. Sin embargo, es necesario resaltar que debemos continuar con las medidas de higiene y el autocuidado, realizando los esfuerzos necesarios para prevenir los contagios\u201d, enfatiz\u00f3 el coronel V\u00edctor Vera Bustos.<\/p>\n","protected":false},"excerpt":{"rendered":"<p>Funcionarios la regi\u00f3n de Atacama fueron los primeros inmunizados de la Instituci\u00f3n, a nivel nacional. \u00a0\u00a0\u00a0\u00a0\u00a0\u00a0 Las gestiones realizadas, entre el \u00c1rea de Salud de&hellip; <\/p>\n","protected":false},"author":2,"featured_media":0,"comment_status":"open","ping_status":"closed","sticky":false,"template":"","format":"standard","meta":{"footnotes":""},"categories":[38],"tags":[],"class_list":["post-35083","post","type-post","status-publish","format-standard","hentry","category-portada-regional"],"_links":{"self":[{"href":"https:\/\/www.radioamigavallenar.cl\/index.php?rest_route=\/wp\/v2\/posts\/35083","targetHints":{"allow":["GET"]}}],"collection":[{"href":"https:\/\/www.radioamigavallenar.cl\/index.php?rest_route=\/wp\/v2\/posts"}],"about":[{"href":"https:\/\/www.radioamigavallenar.cl\/index.php?rest_route=\/wp\/v2\/types\/post"}],"author":[{"embeddable":true,"href":"https:\/\/www.radioamigavallenar.cl\/index.php?rest_route=\/wp\/v2\/users\/2"}],"replies":[{"embeddable":true,"href":"https:\/\/www.radioamigavallenar.cl\/index.php?rest_route=%2Fwp%2Fv2%2Fcomments&post=35083"}],"version-history":[{"count":1,"href":"https:\/\/www.radioamigavallenar.cl\/index.php?rest_route=\/wp\/v2\/posts\/35083\/revisions"}],"predecessor-version":[{"id":35085,"href":"https:\/\/www.radioamigavallenar.cl\/index.php?rest_route=\/wp\/v2\/posts\/35083\/revisions\/35085"}],"wp:attachment":[{"href":"https:\/\/www.radioamigavallenar.cl\/index.php?rest_route=%2Fwp%2Fv2%2Fmedia&parent=35083"}],"wp:term":[{"taxonomy":"category","embeddable":true,"href":"https:\/\/www.radioamigavallenar.cl\/index.php?rest_route=%2Fwp%2Fv2%2Fcategories&post=35083"},{"taxonomy":"post_tag","embeddable":true,"href":"https:\/\/www.radioamigavallenar.cl\/index.php?rest_route=%2Fwp%2Fv2%2Ftags&post=35083"}],"curies":[{"name":"wp","href":"https:\/\/api.w.org\/{rel}","templated":true}]}}