{"id":35080,"date":"2021-01-23T08:44:05","date_gmt":"2021-01-23T11:44:05","guid":{"rendered":"https:\/\/www.radioamigavallenar.cl\/?p=35080"},"modified":"2021-01-23T08:44:05","modified_gmt":"2021-01-23T11:44:05","slug":"neumaticos-de-la-mineria-deberan-reciclarse-dentro-de-un-periodo-de-8-anos-a-contar-de-2023","status":"publish","type":"post","link":"https:\/\/www.radioamigavallenar.cl\/?p=35080","title":{"rendered":"Neum\u00e1ticos de la Miner\u00eda deber\u00e1n reciclarse dentro de un periodo de 8 a\u00f1os, a contar de 2023."},"content":{"rendered":"<p><strong>Se public\u00f3 el primer decreto de la Ley de Responsabilidad Extendida del Productor (REP), poniendo en marcha la ley de reciclaje, que regular\u00e1 un total de seis productos.<\/strong><\/p>\n<p>&nbsp;<\/p>\n<p>El Ministerio del Medio Ambiente dio a conocer el decreto que obliga a las empresas que importan neum\u00e1ticos, a recolectar y reciclar el 90% de los neum\u00e1ticos comunes y un 100% de los neum\u00e1ticos mineros, evitando que terminen en vertederos ilegales o acopios clandestinos que representan un peligro para la salud de las personas y contaminan el medio ambiente. Este es el primer decreto de la ley REP, poniendo en marcha la ley de reciclaje, que regular\u00e1 un total de seis productos.<\/p>\n<p>La responsabilidad extendida del productor ser\u00e1 aplicable a las empresas que introduzcan neum\u00e1ticos en el mercado nacional. El decreto establece la obligaci\u00f3n de que estas empresas \u2013agrupadas en un sistema de gesti\u00f3n- organicen y financien la recolecci\u00f3n de los neum\u00e1ticos fuera de uso en todo el territorio nacional, as\u00ed como su almacenamiento, transporte y tratamiento en conformidad con la normativa vigente<\/p>\n<p>En ese \u00e1mbito el Seremi del Medio Ambiente, Guillermo Ready explic\u00f3 que \u201cen Chile se venden, anualmente, alrededor de 6,6 millones de neum\u00e1ticos, los que corresponden a cerca de 180 mil toneladas. Considerando el desgaste por el uso, la generaci\u00f3n anual de residuos de neum\u00e1ticos se estima que bordea las 140 mil toneladas\u201d.<\/p>\n<p>\u201cDe esas toneladas, s\u00f3lo un 17%, aproximadamente, se maneja de forma ambientalmente racional. Del porcentaje restante, una fracci\u00f3n termina siendo depositado de forma ilegal en basurales y vertederos clandestinos, desconoci\u00e9ndose con exactitud el destino de una gran mayor\u00eda de residuos de neum\u00e1ticos\u201d, agreg\u00f3 la autoridad ambiental.<\/p>\n<p>Esto marca un hito para el desarrollo sustentable del pa\u00eds porque es el primer decreto de la ley de Responsabilidad Extendida del Productor (REP) que entra en vigor, estableciendo exigentes metas de recolecci\u00f3n y reciclaje de neum\u00e1ticos, lo que permitir\u00e1 aprovechar los materiales para crear nuevos productos, disminuir la generaci\u00f3n de basura y mejorar la calidad de vida de las personas.<\/p>\n<p>El Seremi Ready afirm\u00f3 que \u201ccon la implementaci\u00f3n de Ley REP para los neum\u00e1ticos se evitar\u00e1 que, como ocurre hoy, la gran mayor\u00eda de estos residuos terminen en basurales o vertederos clandestinos. Buscamos convertir los residuos en una materia prima para nuevos productos que nos permitan reducir la presi\u00f3n que generamos al medio ambiente y generar una nueva industria del reciclaje, con nuevos empleos\u201d.<\/p>\n<p>Finalmente, el Seremi Ready destac\u00f3 que \u201ccomo gobierno continuamos con el trabajo en los otros decretos establecidos por la ley REP y una profunda agenda que busca transformarnos en un Chile Circular sin basura, que nos permite transitar desde la econom\u00eda lineal, generadora de grandes cantidades de basura, a una circular en la que los materiales se aprovechan, impulsando el desarrollo sustentable, inclusivo y resiliente al clima\u201d.<\/p>\n","protected":false},"excerpt":{"rendered":"<p>Se public\u00f3 el primer decreto de la Ley de Responsabilidad Extendida del Productor (REP), poniendo en marcha la ley de reciclaje, que regular\u00e1 un total&hellip; <\/p>\n","protected":false},"author":2,"featured_media":0,"comment_status":"open","ping_status":"closed","sticky":false,"template":"","format":"standard","meta":{"footnotes":""},"categories":[7],"tags":[],"class_list":["post-35080","post","type-post","status-publish","format-standard","hentry","category-atacama"],"_links":{"self":[{"href":"https:\/\/www.radioamigavallenar.cl\/index.php?rest_route=\/wp\/v2\/posts\/35080","targetHints":{"allow":["GET"]}}],"collection":[{"href":"https:\/\/www.radioamigavallenar.cl\/index.php?rest_route=\/wp\/v2\/posts"}],"about":[{"href":"https:\/\/www.radioamigavallenar.cl\/index.php?rest_route=\/wp\/v2\/types\/post"}],"author":[{"embeddable":true,"href":"https:\/\/www.radioamigavallenar.cl\/index.php?rest_route=\/wp\/v2\/users\/2"}],"replies":[{"embeddable":true,"href":"https:\/\/www.radioamigavallenar.cl\/index.php?rest_route=%2Fwp%2Fv2%2Fcomments&post=35080"}],"version-history":[{"count":1,"href":"https:\/\/www.radioamigavallenar.cl\/index.php?rest_route=\/wp\/v2\/posts\/35080\/revisions"}],"predecessor-version":[{"id":35082,"href":"https:\/\/www.radioamigavallenar.cl\/index.php?rest_route=\/wp\/v2\/posts\/35080\/revisions\/35082"}],"wp:attachment":[{"href":"https:\/\/www.radioamigavallenar.cl\/index.php?rest_route=%2Fwp%2Fv2%2Fmedia&parent=35080"}],"wp:term":[{"taxonomy":"category","embeddable":true,"href":"https:\/\/www.radioamigavallenar.cl\/index.php?rest_route=%2Fwp%2Fv2%2Fcategories&post=35080"},{"taxonomy":"post_tag","embeddable":true,"href":"https:\/\/www.radioamigavallenar.cl\/index.php?rest_route=%2Fwp%2Fv2%2Ftags&post=35080"}],"curies":[{"name":"wp","href":"https:\/\/api.w.org\/{rel}","templated":true}]}}