{"id":35074,"date":"2021-01-23T08:41:35","date_gmt":"2021-01-23T11:41:35","guid":{"rendered":"https:\/\/www.radioamigavallenar.cl\/?p=35074"},"modified":"2021-01-23T08:41:35","modified_gmt":"2021-01-23T11:41:35","slug":"entregan-resultados-preliminares-de-2-encuesta-nacional-de-demanda-laboral-en-la-region","status":"publish","type":"post","link":"https:\/\/www.radioamigavallenar.cl\/?p=35074","title":{"rendered":"Entregan resultados preliminares de 2\u00b0 Encuesta Nacional de Demanda Laboral en la regi\u00f3n"},"content":{"rendered":"<p><strong>El Observatorio Laboral de Atacama es un proyecto de SENCE ejecutado por INACAP Sede Copiap\u00f3 y financiado por OTIC PROFORMA a trav\u00e9s del 5 % de la franquicia tributaria.<\/strong><span id=\"more-234862\"><\/span><\/p>\n<p>&nbsp;<\/p>\n<p>Con el objetivo de identificar las brechas de capital humano a nivel sectorial y territorial, el Observatorio Laboral de Atacama levant\u00f3 la\u00a0<strong>2\u00b0 Encuesta Nacional de Demanda Laboral<\/strong>\u00a0<strong>\u2013 ENADEL \u2013<\/strong>\u00a0\u00a0en la regi\u00f3n. En esta versi\u00f3n 2020, se abordaron los sectores econ\u00f3micos de\u00a0<strong>comercio<\/strong>,\u00a0<strong>silvoagropecuario y pesca<\/strong>. El levantamiento de informaci\u00f3n se llev\u00f3 a cabo entre los meses de octubre 2020 y enero de 2021 y dentro de los\u00a0<strong>resultados preliminares<\/strong>\u00a0que obtuvo el Observatorio Laboral de Atacama, se destaca:<\/p>\n<p>En cuanto a las empresas encuestadas del\u00a0<strong>sector comercio<\/strong>, un 50% de ellas declar\u00f3 estar operando sin problemas, mientras un 32% indic\u00f3 hacerlo con dificultades menores y, un 18%, dijo estar operando con dificultades significativas. En cuanto a las medidas implementadas para responder a la crisis sanitaria, un 68% de las empresas se\u00f1al\u00f3 haber capacitado a los trabajadores sobre protocolos y nuevas funciones. En relaci\u00f3n a las empresas encuestadas del sector\u00a0<strong>silvoagropecuario y pesca<\/strong>, un 43% de ellas declar\u00f3 estar operando sin problemas, un 39% indic\u00f3 tener dificultades menores y, un 18%, dijo tener con dificultades significativas. En cuanto a las medidas implementadas para responder a la crisis sanitaria, un 86% de las empresas del sector se\u00f1al\u00f3 haber realizado capacitaci\u00f3n a sus trabajadores en protocolos y nuevas funciones.<\/p>\n<p>En relaci\u00f3n a la\u00a0<strong>contrataci\u00f3n de personas<\/strong>, el 58% de las empresas encuestadas del sector\u00a0<strong>comercio<\/strong>\u00a0declar\u00f3 haber tenido dificultes para contratar trabajadores en los \u00faltimos 12 meses. Las principales dificultades mencionadas por las empresas (respuesta m\u00faltiple), fue que los \u201c<strong>Candidatos sin competencias o habilidades t\u00e9cnicas<\/strong>\u201d (73%), seguida de \u201c<strong>Falta de experiencia laboral<\/strong>\u201d (64%). En cuanto a las empresas del sector\u00a0<strong>silvoagropecuario y pesca<\/strong>, el porcentaje que declar\u00f3 dificultades para la contrataci\u00f3n de trabajadores en los \u00faltimos 12 meses, sube a un 79%. Aqu\u00ed las principales razones declaradas (respuesta m\u00faltiple), corresponde a la\u201c<strong>Falta de postulantes<\/strong>\u201d (73%), seguida la \u201c<strong>Falta de inter\u00e9s por este tipo de trabajos<\/strong>\u201d.<\/p>\n<p>El Director Regional del SENCE, V\u00edctor Nieto Rojas, indic\u00f3 que \u201cesta informaci\u00f3n es muy importante para nuestro Servicio Nacional de Capacitaci\u00f3n y Empleo (SENCE), ya que nos permite identificar las brechas de capital humano que existen en la regi\u00f3n, a partir de la informaci\u00f3n proporcionada por las mismas empresas. De esta manera, la ENADEL nos sirve para poder ajustar nuestra oferta de capacitaci\u00f3n de acuerdo a las necesidades que indican las mismas empresas. Por ejemplo, con estos resultados preliminares, podemos ver que las empresas encuestadas de los sectores\u00a0<strong>comercio y silvoagropecuario y pesca<\/strong>, indicaron que el \u201c<strong>Cumplimiento de est\u00e1ndares de seguridad<\/strong>\u201d y \u201c<strong>Cumplimiento de protocolos sanitarios<\/strong>\u201d tienen una alta importancia para capacitaci\u00f3n en las empresas, al igual que la \u201c<strong>incorporaci\u00f3n de nuevas tecnolog\u00edas\u201d<\/strong>, en donde esto \u00faltimo ha tenido un alza significativa producto de la situaci\u00f3n sanitaria que nos afecta\u201d.<\/p>\n<p>Ra\u00fal D\u00edaz Espinoza, Director del Observatorio Laboral, indic\u00f3 que \u201cEstos resultados preliminares nos permiten visualizar el comportamiento del mercado laboral y, particularmente, en estos dos sectores econ\u00f3micos que abarcamos en esta segunda versi\u00f3n. En relaci\u00f3n a las\u00a0<strong>principales dificultades para la contrataci\u00f3n de personas.<\/strong>\u00a0por parte de las empresas del sector\u00a0<strong>silvoagropecuario<\/strong>\u00a0y, particularmente, agr\u00edcolas, destaca la \u201c<strong>Falta de postulantes<\/strong>\u201d, lo cual se explica, en gran medida, por el cierre de fronteras y la disminuci\u00f3n de la mano de obra extranjera que, estacionalmente, llega a trabajar a la regi\u00f3n en el periodo de cosecha. Este hecho ha dificultado la contrataci\u00f3n de personal necesario para este periodo, en donde las empresas no han logrado cubrir sus vacantes al 100%. Asociado a este mismo fen\u00f3meno, las empresas del sector tambi\u00e9n indicaron, de acuerdo a estos resultados, que hay una \u201c<strong>Falta de inter\u00e9s por este tipo de trabajos<\/strong>\u201d, en donde son pocos los j\u00f3venes que se proyectan en estas tareas, sobre todo por la carga laboral que implican, como as\u00ed tambi\u00e9n la poca estabilidad laboral que ofrece el sector\u201d.<\/p>\n<p>Los resultados finales de la ENADEL 2020, ser\u00e1n publicados en el mes de marzo de 2021.<\/p>\n","protected":false},"excerpt":{"rendered":"<p>El Observatorio Laboral de Atacama es un proyecto de SENCE ejecutado por INACAP Sede Copiap\u00f3 y financiado por OTIC PROFORMA a trav\u00e9s del 5 %&hellip; <\/p>\n","protected":false},"author":2,"featured_media":0,"comment_status":"open","ping_status":"closed","sticky":false,"template":"","format":"standard","meta":{"footnotes":""},"categories":[7],"tags":[],"class_list":["post-35074","post","type-post","status-publish","format-standard","hentry","category-atacama"],"_links":{"self":[{"href":"https:\/\/www.radioamigavallenar.cl\/index.php?rest_route=\/wp\/v2\/posts\/35074","targetHints":{"allow":["GET"]}}],"collection":[{"href":"https:\/\/www.radioamigavallenar.cl\/index.php?rest_route=\/wp\/v2\/posts"}],"about":[{"href":"https:\/\/www.radioamigavallenar.cl\/index.php?rest_route=\/wp\/v2\/types\/post"}],"author":[{"embeddable":true,"href":"https:\/\/www.radioamigavallenar.cl\/index.php?rest_route=\/wp\/v2\/users\/2"}],"replies":[{"embeddable":true,"href":"https:\/\/www.radioamigavallenar.cl\/index.php?rest_route=%2Fwp%2Fv2%2Fcomments&post=35074"}],"version-history":[{"count":1,"href":"https:\/\/www.radioamigavallenar.cl\/index.php?rest_route=\/wp\/v2\/posts\/35074\/revisions"}],"predecessor-version":[{"id":35076,"href":"https:\/\/www.radioamigavallenar.cl\/index.php?rest_route=\/wp\/v2\/posts\/35074\/revisions\/35076"}],"wp:attachment":[{"href":"https:\/\/www.radioamigavallenar.cl\/index.php?rest_route=%2Fwp%2Fv2%2Fmedia&parent=35074"}],"wp:term":[{"taxonomy":"category","embeddable":true,"href":"https:\/\/www.radioamigavallenar.cl\/index.php?rest_route=%2Fwp%2Fv2%2Fcategories&post=35074"},{"taxonomy":"post_tag","embeddable":true,"href":"https:\/\/www.radioamigavallenar.cl\/index.php?rest_route=%2Fwp%2Fv2%2Ftags&post=35074"}],"curies":[{"name":"wp","href":"https:\/\/api.w.org\/{rel}","templated":true}]}}