{"id":35072,"date":"2021-01-23T08:40:40","date_gmt":"2021-01-23T11:40:40","guid":{"rendered":"https:\/\/www.radioamigavallenar.cl\/?p=35072"},"modified":"2021-01-23T08:40:40","modified_gmt":"2021-01-23T11:40:40","slug":"enami-aumenta-en-145-por-ciento-el-abastecimiento-de-sus-planteles","status":"publish","type":"post","link":"https:\/\/www.radioamigavallenar.cl\/?p=35072","title":{"rendered":"ENAMI aumenta en 14,5 por ciento el abastecimiento de sus planteles"},"content":{"rendered":"<p><strong>Durante 2020 la estatal puso el foco en el trabajo en terreno de su equipo de fomento y en la reactivaci\u00f3n de faenas mineras, concretando 55 puestas en marcha a lo largo del pa\u00eds. Se aprobaron cerca de US$ 6 millones para ejecutar 205 iniciativas para el desarrollo de la peque\u00f1a miner\u00eda.<\/strong><span id=\"more-234884\"><\/span><\/p>\n<p>Durante el 2020 la Empresa Nacional de Miner\u00eda tuvo como objetivo principal garantizar la continuidad operacional de sus planteles, as\u00ed como contribuir a la reactivaci\u00f3n de faenas mineras y, con ello, a la mantenci\u00f3n del abastecimiento de las plantas de beneficio de la estatal. Objetivo que tuvo resultado positivos, luego de que ENAMI informara un alza de 14,5% en el abastecimiento de sus planteles, concretado a trav\u00e9s de la venta de los mineros de menor escala; junto con un aumento de 3% de los productores en comparaci\u00f3n a 2019.<\/p>\n<p>\u201cDe la mano del mayor fomento con impacto, concretamos un alza en el abastecimiento de nuestras cinco plantas, observando un 14,5% m\u00e1s de mineral. Lo que es reflejo del trabajo realizado bajo un contexto de pandemia y que nos posibilita hacer una proyecci\u00f3n que nos permitir\u00e1 robustecer nuestro trabajo de fomento para este 2021, y con el que en 2020 aprobamos cerca de US$ 6 millones con las que ejecutamos 205 programas t\u00e9cnicos para el desarrollo del sector\u201d, explic\u00f3 el gerente de Fomento y Miner\u00eda de ENAMI, Felipe Carrasco.<\/p>\n<p>Cifras alcanzadas luego de un a\u00f1o en el que el foco tambi\u00e9n estuvo en la gesti\u00f3n del equipo de Fomento de la estatal, cuya labor en terreno no se detuvo durante la pandemia, muy por el contrario, se centr\u00f3 en la b\u00fasqueda de oportunidades de inversi\u00f3n, explotaci\u00f3n y desarrollo para la peque\u00f1a miner\u00eda, lo que se complement\u00f3 con el alza del precio del cobre que comenz\u00f3 a vislumbrarse desde agosto de 2020, desencadenando este incremento de productores activos.<\/p>\n<p>El ejecutivo de la estatal coment\u00f3 que, \u201cdurante 2020, uno de nuestro objetivos estrat\u00e9gicos, de acuerdo con lo encomendado por nuestro vicepresidente ejecutivo fue avanzar en una mayor gesti\u00f3n para mantener las plantas de ENAMI abastecidas, raz\u00f3n por la que nuestro trabajo se enfoc\u00f3 en dar curso a contratos, programas de fomento y asistencia t\u00e9cnica, que permiti\u00f3 la reactivaci\u00f3n de faenas mineras cercanas a nuestras aportaciones, as\u00ed como la preparaci\u00f3n y reconocimiento de recursos de los peque\u00f1os mineros\u201d.<\/p>\n<p>En esa l\u00ednea durante 2020, ENAMI impuls\u00f3 la reactivaci\u00f3n de 55 faenas mineras con una inversi\u00f3n de US$ 1,5 millones. Del total de proyectos, el 42,5% se ubicaron en la Regi\u00f3n de Atacama, el 10,9% en la Regi\u00f3n de Coquimbo y el 9% en la Regi\u00f3n de Antofagasta. Impactando positivamente a las econom\u00edas de las localidades en las que se ubican dichas faenas mineras que entraron en operaci\u00f3n.<\/p>\n<p>Es el caso de La Productora, faena que tras una d\u00e9cada de paralizaci\u00f3n, con la gesti\u00f3n de ENAMI y la empresa minera canadiense Hot Chili se concret\u00f3 el subarriendo de la pertenencia minera y, con ello, la puesta en marcha de la mina que desde julio abastece a la Planta Vallenar de ENAMI.<\/p>\n<p>\u201cEste mayor abastecimiento y reactivaci\u00f3n de faenas mineras se traduce en un c\u00edrculo virtuoso \u00fanico en el mundo al permitir una actividad de fomento productivo, es decir generamos riqueza para el pa\u00eds y su gente en localidades que dependen econ\u00f3micamente de la peque\u00f1a miner\u00eda y sus ventas a ENAMI\u201d, Felipe Carrasco, gerente Fomento y Mineria ENAMI\u201d, finaliz\u00f3 Carrasco.<\/p>\n","protected":false},"excerpt":{"rendered":"<p>Durante 2020 la estatal puso el foco en el trabajo en terreno de su equipo de fomento y en la reactivaci\u00f3n de faenas mineras, concretando&hellip; <\/p>\n","protected":false},"author":2,"featured_media":31747,"comment_status":"open","ping_status":"closed","sticky":false,"template":"","format":"standard","meta":{"footnotes":""},"categories":[7],"tags":[],"class_list":["post-35072","post","type-post","status-publish","format-standard","has-post-thumbnail","hentry","category-atacama"],"_links":{"self":[{"href":"https:\/\/www.radioamigavallenar.cl\/index.php?rest_route=\/wp\/v2\/posts\/35072","targetHints":{"allow":["GET"]}}],"collection":[{"href":"https:\/\/www.radioamigavallenar.cl\/index.php?rest_route=\/wp\/v2\/posts"}],"about":[{"href":"https:\/\/www.radioamigavallenar.cl\/index.php?rest_route=\/wp\/v2\/types\/post"}],"author":[{"embeddable":true,"href":"https:\/\/www.radioamigavallenar.cl\/index.php?rest_route=\/wp\/v2\/users\/2"}],"replies":[{"embeddable":true,"href":"https:\/\/www.radioamigavallenar.cl\/index.php?rest_route=%2Fwp%2Fv2%2Fcomments&post=35072"}],"version-history":[{"count":1,"href":"https:\/\/www.radioamigavallenar.cl\/index.php?rest_route=\/wp\/v2\/posts\/35072\/revisions"}],"predecessor-version":[{"id":35073,"href":"https:\/\/www.radioamigavallenar.cl\/index.php?rest_route=\/wp\/v2\/posts\/35072\/revisions\/35073"}],"wp:featuredmedia":[{"embeddable":true,"href":"https:\/\/www.radioamigavallenar.cl\/index.php?rest_route=\/wp\/v2\/media\/31747"}],"wp:attachment":[{"href":"https:\/\/www.radioamigavallenar.cl\/index.php?rest_route=%2Fwp%2Fv2%2Fmedia&parent=35072"}],"wp:term":[{"taxonomy":"category","embeddable":true,"href":"https:\/\/www.radioamigavallenar.cl\/index.php?rest_route=%2Fwp%2Fv2%2Fcategories&post=35072"},{"taxonomy":"post_tag","embeddable":true,"href":"https:\/\/www.radioamigavallenar.cl\/index.php?rest_route=%2Fwp%2Fv2%2Ftags&post=35072"}],"curies":[{"name":"wp","href":"https:\/\/api.w.org\/{rel}","templated":true}]}}