{"id":35069,"date":"2021-01-23T08:39:11","date_gmt":"2021-01-23T11:39:11","guid":{"rendered":"https:\/\/www.radioamigavallenar.cl\/?p=35069"},"modified":"2021-01-23T08:39:11","modified_gmt":"2021-01-23T11:39:11","slug":"pecafilms-anuncia-regreso-del-festival-internacional-de-cine-terror-atacama-para-febrero","status":"publish","type":"post","link":"https:\/\/www.radioamigavallenar.cl\/?p=35069","title":{"rendered":"PecaFilms anuncia regreso del Festival Internacional de Cine Terror Atacama para Febrero"},"content":{"rendered":"<p><strong>El 11 de febrero se realizar\u00e1 una jornada especial de FICTA como antesala de su tercera versi\u00f3n programada para noviembre de 2021<\/strong><span id=\"more-234903\"><\/span><\/p>\n<p>FICTA regresa este 2021 con una alianza estrat\u00e9gica entre PecaFilms, la Seremia de las Culturas, las Artes y el Patrimonio y la Fundaci\u00f3n Proyecto Ser Humano, entidades que unir\u00e1n esfuerzos para la III versi\u00f3n del evento que se ha insertado exitosamente en el circuito nacional e internacional de festivales de cine de g\u00e9nero.<\/p>\n<p>\u201cEn el marco de esta alianza hemos programado una jornada especial en febrero, a modo de antesala de la tercera versi\u00f3n de este festival que hemos logrado ir consolidando, sumando actores valiosos como estos nuevos colaboradores, con lo que estamos seguros, levantaremos una versi\u00f3n atractiva para los amantes del cine de terror\u201d, se\u00f1al\u00f3 Claudia Latorre Zepeda, Directora de Pecafilms.<\/p>\n<p>Por su parte la Directora de Fundaci\u00f3n Proyecto Ser Humano Carolina Armenakis, manifest\u00f3 el entusiasmo de la organizaci\u00f3n por sumarse al Festival, al que apoyar\u00e1 mediante la realizaci\u00f3n de actividades dirigidas a la comunidad de Paipote y llanos de Ollantay, exhibiendo cortometrajes para ni\u00f1os y ni\u00f1as.<\/p>\n<p style=\"text-align: center;\"><strong>Programaci\u00f3n 11 de febrero<\/strong><\/p>\n<p>Como antesala a lo que ser\u00e1 la III versi\u00f3n de FICTA, PecaFilms anunci\u00f3 una jornada de actividades especiales para el segundo jueves de febrero, una instancia 100% digital en la que se presentar\u00e1n micro y cortometrajes de terror\/ficci\u00f3n a trav\u00e9s del sitio web\u00a0<a href=\"http:\/\/www.ficta.cl\/\" data-saferedirecturl=\"https:\/\/www.google.com\/url?q=http:\/\/www.ficta.cl&amp;source=gmail&amp;ust=1611426188154000&amp;usg=AFQjCNGKq0jnwJAvDMdUQHmaQbJ3HjFrZQ\">www.ficta.cl<\/a><\/p>\n<p>El programa contempla iniciar las exhibiciones gratuitas a las 12:00 hrs. con un bloque infantil en que se podr\u00e1 acceder a una serie de cortometrajes del festival aliado \u201cCampamento Pichikeche\u201d. Posteriormente a las 16:00 hrs. se presentar\u00e1 el cortometraje de factura regional \u201cPuquios\u201d y un cuento de t\u00edteres. A esta hora tambi\u00e9n se liberar\u00e1n los micro y cortometrajes ganadores de las convocatorias FICTA 2019 Y 2020, para relevar el trabajo desarrollado por equipos nacionales e internacionales que lograron inscribir su nombre en la lista de ganadores del certamen.<\/p>\n<p>La jornada culminar\u00e1 con un taller\/conversatorio en que Claudia Latorre Zepeda, directora de FICTA, dar\u00e1 a conocer las bases de la competencia 2021 de micro y cortometrajes, as\u00ed como de microrrelatos. Esta instancia que permitir\u00e1 resolver dudas respecto a las condiciones para la postulaci\u00f3n, se realizar\u00e1 mediante ZOOM a las 18:00 hrs. Los interesados pueden registrarse en la ficha de inscripci\u00f3n disponible en el Facebook e Instagram de FICTA. (Dudas y consultas al mail:\u00a0<a href=\"mailto:ficta.atacama@gmail.com\">ficta.atacama@gmail.com<\/a>)<\/p>\n<p>Sobre FICTA, cabe recordar que es una iniciativa autogestionada que nace con el objetivo de promover el desarrollo de la disciplina audiovisual, la formaci\u00f3n de audiencias en el g\u00e9nero de terror y dar a conocer las potencialidades que la regi\u00f3n ofrece como locaci\u00f3n f\u00edlmica para este tipo de cintas.<\/p>\n","protected":false},"excerpt":{"rendered":"<p>El 11 de febrero se realizar\u00e1 una jornada especial de FICTA como antesala de su tercera versi\u00f3n programada para noviembre de 2021 FICTA regresa este&hellip; <\/p>\n","protected":false},"author":2,"featured_media":0,"comment_status":"open","ping_status":"closed","sticky":false,"template":"","format":"standard","meta":{"footnotes":""},"categories":[7],"tags":[],"class_list":["post-35069","post","type-post","status-publish","format-standard","hentry","category-atacama"],"_links":{"self":[{"href":"https:\/\/www.radioamigavallenar.cl\/index.php?rest_route=\/wp\/v2\/posts\/35069","targetHints":{"allow":["GET"]}}],"collection":[{"href":"https:\/\/www.radioamigavallenar.cl\/index.php?rest_route=\/wp\/v2\/posts"}],"about":[{"href":"https:\/\/www.radioamigavallenar.cl\/index.php?rest_route=\/wp\/v2\/types\/post"}],"author":[{"embeddable":true,"href":"https:\/\/www.radioamigavallenar.cl\/index.php?rest_route=\/wp\/v2\/users\/2"}],"replies":[{"embeddable":true,"href":"https:\/\/www.radioamigavallenar.cl\/index.php?rest_route=%2Fwp%2Fv2%2Fcomments&post=35069"}],"version-history":[{"count":1,"href":"https:\/\/www.radioamigavallenar.cl\/index.php?rest_route=\/wp\/v2\/posts\/35069\/revisions"}],"predecessor-version":[{"id":35071,"href":"https:\/\/www.radioamigavallenar.cl\/index.php?rest_route=\/wp\/v2\/posts\/35069\/revisions\/35071"}],"wp:attachment":[{"href":"https:\/\/www.radioamigavallenar.cl\/index.php?rest_route=%2Fwp%2Fv2%2Fmedia&parent=35069"}],"wp:term":[{"taxonomy":"category","embeddable":true,"href":"https:\/\/www.radioamigavallenar.cl\/index.php?rest_route=%2Fwp%2Fv2%2Fcategories&post=35069"},{"taxonomy":"post_tag","embeddable":true,"href":"https:\/\/www.radioamigavallenar.cl\/index.php?rest_route=%2Fwp%2Fv2%2Ftags&post=35069"}],"curies":[{"name":"wp","href":"https:\/\/api.w.org\/{rel}","templated":true}]}}