{"id":35066,"date":"2021-01-23T08:38:01","date_gmt":"2021-01-23T11:38:01","guid":{"rendered":"https:\/\/www.radioamigavallenar.cl\/?p=35066"},"modified":"2021-01-23T08:38:01","modified_gmt":"2021-01-23T11:38:01","slug":"inauguran-2da-etapa-mejoramiento-del-borde-costero-de-playas-brava-y-del-jefe-en-caldera","status":"publish","type":"post","link":"https:\/\/www.radioamigavallenar.cl\/?p=35066","title":{"rendered":"Inauguran 2da Etapa Mejoramiento del Borde Costero de Playas Brava y del Jefe en Caldera"},"content":{"rendered":"<p>Con todas los protocolos sanitarios y en un emotivo ambiente, se llev\u00f3 a cabo la esperada Inauguraci\u00f3n de la Segunda Etapa del Mejoramiento del Borde Costero de Playas Brava y del Jefe, en la Comuna de Caldera, obra financiada por el Gobierno Regional de Atacama a trav\u00e9s del Fondo Nacional de Desarrollo Regional\u00a0 y un convenio de programaci\u00f3n vigente con el Ministerio de Obras P\u00fablicas, que consider\u00f3 una inversi\u00f3n superior a los $1.560 millones pesos en obras para el desarrollo del Borde Costero en la regi\u00f3n.<\/p>\n<p>La ceremonia fue encabezada por el Intendente (S) Ignacio Urcull\u00fa, junto al Seremi del MOP, Alfredo Campbell y su equipo, la Diputada Sof\u00eda Cid, la Presidenta del CORE, Ruth Vega, Concejales y Autoridades Mar\u00edtimas. El Proyecto forma parte de un Plan de Mejoramiento de Bordes Costeros y Caletas Pesqueras, desarrollado por el Gobierno de Chile a trav\u00e9s de la Direcci\u00f3n de Obras Portuarias del Ministerio de Obras P\u00fablicas con obras que se realizan a lo largo de toda la Regi\u00f3n de Atacama, con el prop\u00f3sito de contribuir al desarrollo productivo, social, recreacional y tur\u00edstico, entregando servicios de infraestructura adecuados para el mejoramiento de la calidad de vida.<\/p>\n<p>En el lugar, el\u00a0<strong>Intendente (S) Ignacio Urcull\u00fa<\/strong>, se\u00f1al\u00f3,\u00a0<em>\u201cla Segunda Etapa de este Mejoramiento del Borde Costero, viene a darle m\u00e1s vitalidad a este hermoso escenario natural que tenemos ac\u00e1. Estamos muy contentos porque estamos entregando una obra de alta calidad, de alto est\u00e1ndar, con una excelente materialidad que permitir\u00e1 a los residentes y visitantes del puerto, poder disfrutar, de manera segura y tranquila, de un espacio maravilloso, una vista al mar espectacular. Es un proyecto que se viene trabajando desde hace largo tiempo con una inversi\u00f3n del Fondo Regional de Desarrollo Regional que es muy importante. Llamamos a toda la comunidad a que la cuide, que la haga sentir suya y que la disfruten tanto en familia, donde puedan traer a los ni\u00f1os a jugar y que puedan visitarla los adultos mayores, para poder despejarse de esta pandemia que nos tiene tan complicados. Hacemos un llamado a la comunidad a cuidarse a seguir manteniendo los protocolos que ha establecido la autoridad sanitaria para que podamos por fin vencer esta pandemia\u201d.<\/em><\/p>\n<p>Por su parte el\u00a0<strong>Seremi de Obras P\u00fablicas, Alfredo Campbell<\/strong>, se\u00f1al\u00f3 que\u00a0<em>\u201cestamos muy contentos de Inaugurar esta hermosa obra, ya que con este proyecto ejecutado por la Direcci\u00f3n de Obras Portuarias del MOP, continuamos\u00a0 mejorando las condiciones del borde costero existente, fortaleciendo el potencial tur\u00edstico que tiene nuestra regi\u00f3n, poniendo en valor un espacio p\u00fablico que respete la identidad y patrimonio del Puerto de Caldera. Con obras como estas damos cumplimiento a lo mandatado por el Gobierno de nuestro Presidente Pi\u00f1era, apuntamos a estar presente, generando infraestructura que permita ofrecer mayores oportunidades a sus habitantes, contribuyendo al desarrollo social, recreacional, econ\u00f3mico y tur\u00edstico del pa\u00eds\u201d.<\/em><\/p>\n<p><strong>Campbell<\/strong>\u00a0agreg\u00f3, \u201c<em>La trascendencia de este emblem\u00e1tico proyecto ejecutado a trav\u00e9s de la DOP del MOP, se relaciona con el fortalecimiento del sector tur\u00edstico de la regi\u00f3n y la consolidaci\u00f3n del borde costero y sus actividades productivas, como uno de los grandes polos de desarrollo de nuestra regi\u00f3n. Con esta obra, beneficiamos directamente a los m\u00e1s de 14 mil habitantes de Caldera, a trav\u00e9s de sus 255 metros lineales, en una superficie de 3.130 metros cuadrados\u201d.<\/em><\/p>\n<p>La 2da Etapa de este proyecto consider\u00f3 paseos peatonales de borde mar, confinado con muros de protecci\u00f3n costera, en donde se incluy\u00f3 pavimentos en baldosa, plazas de juego, sombreaderos, miradores, mobiliario urbano, iluminaci\u00f3n exterior y \u00e1reas de paisajismo con incorporaci\u00f3n de vegetaci\u00f3n, obras que potenciar\u00e1n a\u00fan m\u00e1s el desarrollo del sector en la regi\u00f3n, dando continuidad a la 1era Etapa finalizada el a\u00f1o 2017, donde se construy\u00f3 un Mirador rodeado de pasarelas, plataformas, paseos peatonales y miradores de observaci\u00f3n avifauna. Se trabaj\u00f3 en la accesibilidad a Playa El Jefe, la que fue mejorada incorpor\u00e1ndole arena, sombreaderos, asientos y bancas, basureros ecol\u00f3gicos, juegos infantiles y solm\u00e1foro. Se realiz\u00f3 un ensanchamiento en la parte lateral del sector gastron\u00f3mico para dar continuidad al recorrido del paseo del borde, adem\u00e1s de \u00e1rea de juegos infantiles.<\/p>\n<p>La\u00a0<strong>Presidenta del CORE, Ruth Vega,<\/strong>\u00a0indic\u00f3,\u00a0<em>\u201cesta obra es una obra merecida largamente por la regi\u00f3n y por la comuna, que va a brindar espacios de recreaci\u00f3n, de turismo, patrimoniales. Como consejo estamos contentos de estar trabajando en el Convenio de Programaci\u00f3n con las obras que contin\u00faan con el Ministerio de Obras P\u00fablicas, como el convenio que tienen que ver con 22 caletas de la regi\u00f3n, queda bastante tarea por delante, ya se anunciaron algunas y nos alegramos de los recursos comprometidos y felicitamos a la Comuna de Caldera, a sus habitantes y a las autoridades por esta tremenda obra, hermosa que hoy se entrega como Gobierno Regional<\/em>\u201d.<\/p>\n<p><strong>Ximena Bonilla<\/strong>, oriunda de Copiap\u00f3 y quien visita permanentemente el Puerto de Caldera, se\u00f1al\u00f3,\u00a0<em>\u201ca medida que pasan los a\u00f1os he visto el progreso que ha tenido el Borde Costero en la Comuna de Caldera, obras que son ejecutadas por el Ministerio de Obras P\u00fablicas y que llaman al turismo. Particularmente disfruto mostrando lo linda que esta la comuna, el progreso que ha tenido, por lo tanto agradezco este tipo de obras, este paseo peatonal. Tambi\u00e9n hago un llamado a los visitantes a que cuiden estas obras que son para todos nosotros. Traigo a mi padre y est\u00e1 feliz porque puede disfrutar del borde costero, caminar tranquilo sin tropezarse y cosas como esas se valoran mucho\u201d.<\/em><\/p>\n<p>Para finalizar, el\u00a0<strong>Seremi del MOP<\/strong>\u00a0indic\u00f3<em>, \u201cestos proyectos son esperados por muchos a\u00f1os por la comunidad, de larga data y hoy ya son realidad y se lo estamos entregando a la comunidad para el desarrollo y fomento al turismo, adem\u00e1s de generar m\u00e1s y mejores empleos con lo cual contribuimos a la reactivaci\u00f3n econ\u00f3mica de la regi\u00f3n\u201d.<\/em><\/p>\n<p>Pr\u00f3ximamente, el Ministerio de Obras P\u00fablicas, a trav\u00e9s de su Direcci\u00f3n de Obras Portuarias, \u00a0estima la Etapa 3 de este proyecto, que considera el sector norte de la Playa Brava, cuyo financiamiento ser\u00e1 sectorial y de aproximadamente M$ 4.200.000. La Tercera Etapa se considerada licitar el primer semestre del 2022.<\/p>\n","protected":false},"excerpt":{"rendered":"<p>Con todas los protocolos sanitarios y en un emotivo ambiente, se llev\u00f3 a cabo la esperada Inauguraci\u00f3n de la Segunda Etapa del Mejoramiento del Borde&hellip; <\/p>\n","protected":false},"author":2,"featured_media":0,"comment_status":"open","ping_status":"closed","sticky":false,"template":"","format":"standard","meta":{"footnotes":""},"categories":[7],"tags":[],"class_list":["post-35066","post","type-post","status-publish","format-standard","hentry","category-atacama"],"_links":{"self":[{"href":"https:\/\/www.radioamigavallenar.cl\/index.php?rest_route=\/wp\/v2\/posts\/35066","targetHints":{"allow":["GET"]}}],"collection":[{"href":"https:\/\/www.radioamigavallenar.cl\/index.php?rest_route=\/wp\/v2\/posts"}],"about":[{"href":"https:\/\/www.radioamigavallenar.cl\/index.php?rest_route=\/wp\/v2\/types\/post"}],"author":[{"embeddable":true,"href":"https:\/\/www.radioamigavallenar.cl\/index.php?rest_route=\/wp\/v2\/users\/2"}],"replies":[{"embeddable":true,"href":"https:\/\/www.radioamigavallenar.cl\/index.php?rest_route=%2Fwp%2Fv2%2Fcomments&post=35066"}],"version-history":[{"count":1,"href":"https:\/\/www.radioamigavallenar.cl\/index.php?rest_route=\/wp\/v2\/posts\/35066\/revisions"}],"predecessor-version":[{"id":35068,"href":"https:\/\/www.radioamigavallenar.cl\/index.php?rest_route=\/wp\/v2\/posts\/35066\/revisions\/35068"}],"wp:attachment":[{"href":"https:\/\/www.radioamigavallenar.cl\/index.php?rest_route=%2Fwp%2Fv2%2Fmedia&parent=35066"}],"wp:term":[{"taxonomy":"category","embeddable":true,"href":"https:\/\/www.radioamigavallenar.cl\/index.php?rest_route=%2Fwp%2Fv2%2Fcategories&post=35066"},{"taxonomy":"post_tag","embeddable":true,"href":"https:\/\/www.radioamigavallenar.cl\/index.php?rest_route=%2Fwp%2Fv2%2Ftags&post=35066"}],"curies":[{"name":"wp","href":"https:\/\/api.w.org\/{rel}","templated":true}]}}