{"id":35063,"date":"2021-01-23T08:37:04","date_gmt":"2021-01-23T11:37:04","guid":{"rendered":"https:\/\/www.radioamigavallenar.cl\/?p=35063"},"modified":"2021-01-23T08:37:04","modified_gmt":"2021-01-23T11:37:04","slug":"analista-daniela-desormeaux-cobre-debiese-fluctuar-entre-us35-y-us36-la-libra","status":"publish","type":"post","link":"https:\/\/www.radioamigavallenar.cl\/?p=35063","title":{"rendered":"Analista Daniela Desormeaux: \u201cCobre debiese fluctuar entre US$3,5 y US$3,6 la libra\u201d"},"content":{"rendered":"<p>Pese a los fundamentos positivos, todav\u00eda quedan elementos de la pandemia que podr\u00edan generar eventualmente volatilidad, puntualiza.<\/p>\n<p>Tras un a\u00f1o pasado \u00fanico, marcado por la declaraci\u00f3n de la pandemia de Covid-19 en marzo, es a partir de septiembre de 2020 donde se empez\u00f3 a ver una recuperaci\u00f3n del precio del cobre, as\u00ed como el de otros metales. En el caso del metal rojo, su valor en la Bolsa de Metales de Londres recientemente super\u00f3 los US$ 3,6 la libra.<\/p>\n<p>La directora de Estudios de Vantaz Group<strong>, Daniela Desormeaux contabiliza tres principales factores para que se desarrollara esta situaci\u00f3n.<\/strong>\u00a0 Uno de los factores detr\u00e1s de este auge, es la recuperaci\u00f3n econ\u00f3mica de China con una mayor actividad industrial creciendo a 7% desde octubre. Le siguen los factores de oferta, donde la experta en econom\u00eda hace hincapi\u00e9 en la afectaci\u00f3n de producci\u00f3n cupr\u00edfera en Latinoam\u00e9rica, sobre todo en Per\u00fa, donde adem\u00e1s se toma en cuenta atraso en proyectos.<\/p>\n<p>El tercer elemento -que posee un car\u00e1cter m\u00e1s al largo plazo- \u201ctiene que ver con el impulso de las energ\u00edas verdes; ah\u00ed el factor Biden y el nuevo gobierno de Estados Unidos que asumi\u00f3 esta semana, va a dar un impulso mayor al uso de las energ\u00edas renovables y a la electromovilidad, que son tecnolog\u00edas m\u00e1s intensivas en el consumo de minerales como es el caso del cobre y tambi\u00e9n del litio\u201d, destaca Desormeaux.<\/p>\n<h3 style=\"text-align: center;\"><strong>2021<\/strong><\/h3>\n<p>De acuerdo con especialista, ser\u00eda dif\u00edcil que se retrocediera a un precio bajo los US$ 2,50 durante el presente a\u00f1o, tal como sucedi\u00f3 el primer semestre de 2020. En el presente, existe una base para que el precio se mantenga sobre la barrera de los US$ 3 la libra a lo largo de 2021.\u00a0<strong>\u201cYo dir\u00eda que m\u00e1s cerca de los US$ 3,5-US$ 3,6, debiese fluctuar por ah\u00ed\u201d, comenta la experta.<\/strong><\/p>\n<p>De todas maneras, pese a que los fundamentos son positivos, Desormeaux detalla que la pandemia todav\u00eda no esta resuelta, puesto que todav\u00eda hay asuntos que generan incertidumbre como nuevos confinamientos, nuevas cepas del Covid-19 y problemas log\u00edsticos para el desarrollo de la vacunaci\u00f3n. Lo anterior podr\u00eda impactar al precio cupr\u00edfero con mayor volatilidad.<\/p>\n<p>En ese sentido, agregando esos posibles factores, la fluctuaci\u00f3n podr\u00eda estar entre los US$ 3,2 la libra a los US$3,6 con posibilidades de algunas bajas temporales, considera Desormeaux.<\/p>\n<p><strong>Los invitamos a ver la entrevista en el siguiente enlace, donde la directora de Estudios de Vantaz tambi\u00e9n se refiri\u00f3 a otros minerales relevantes para Chile como litio, oro y hierro.\u00a0<\/strong><\/p>\n","protected":false},"excerpt":{"rendered":"<p>Pese a los fundamentos positivos, todav\u00eda quedan elementos de la pandemia que podr\u00edan generar eventualmente volatilidad, puntualiza. Tras un a\u00f1o pasado \u00fanico, marcado por la&hellip; <\/p>\n","protected":false},"author":2,"featured_media":0,"comment_status":"open","ping_status":"closed","sticky":false,"template":"","format":"standard","meta":{"footnotes":""},"categories":[7],"tags":[],"class_list":["post-35063","post","type-post","status-publish","format-standard","hentry","category-atacama"],"_links":{"self":[{"href":"https:\/\/www.radioamigavallenar.cl\/index.php?rest_route=\/wp\/v2\/posts\/35063","targetHints":{"allow":["GET"]}}],"collection":[{"href":"https:\/\/www.radioamigavallenar.cl\/index.php?rest_route=\/wp\/v2\/posts"}],"about":[{"href":"https:\/\/www.radioamigavallenar.cl\/index.php?rest_route=\/wp\/v2\/types\/post"}],"author":[{"embeddable":true,"href":"https:\/\/www.radioamigavallenar.cl\/index.php?rest_route=\/wp\/v2\/users\/2"}],"replies":[{"embeddable":true,"href":"https:\/\/www.radioamigavallenar.cl\/index.php?rest_route=%2Fwp%2Fv2%2Fcomments&post=35063"}],"version-history":[{"count":1,"href":"https:\/\/www.radioamigavallenar.cl\/index.php?rest_route=\/wp\/v2\/posts\/35063\/revisions"}],"predecessor-version":[{"id":35065,"href":"https:\/\/www.radioamigavallenar.cl\/index.php?rest_route=\/wp\/v2\/posts\/35063\/revisions\/35065"}],"wp:attachment":[{"href":"https:\/\/www.radioamigavallenar.cl\/index.php?rest_route=%2Fwp%2Fv2%2Fmedia&parent=35063"}],"wp:term":[{"taxonomy":"category","embeddable":true,"href":"https:\/\/www.radioamigavallenar.cl\/index.php?rest_route=%2Fwp%2Fv2%2Fcategories&post=35063"},{"taxonomy":"post_tag","embeddable":true,"href":"https:\/\/www.radioamigavallenar.cl\/index.php?rest_route=%2Fwp%2Fv2%2Ftags&post=35063"}],"curies":[{"name":"wp","href":"https:\/\/api.w.org\/{rel}","templated":true}]}}