{"id":35060,"date":"2021-01-23T08:34:39","date_gmt":"2021-01-23T11:34:39","guid":{"rendered":"https:\/\/www.radioamigavallenar.cl\/?p=35060"},"modified":"2021-01-23T08:34:39","modified_gmt":"2021-01-23T11:34:39","slug":"lanzan-cuadrillas-en-ruta-equipo-promotor-en-medidas-de-prevencion","status":"publish","type":"post","link":"https:\/\/www.radioamigavallenar.cl\/?p=35060","title":{"rendered":"Lanzan \u201cCuadrillas en Ruta\u201d equipo promotor en medidas de prevenci\u00f3n"},"content":{"rendered":"<p>Las \u201cCuadrillas en Tu Ruta\u201d apoyar\u00e1n la difusi\u00f3n de la estrategia de testeo, trazabilidad y aislamiento, b\u00fasqueda activa de casos y residencias sanitarias.<\/p>\n<p>\u201cCUADRILLAS EN TU RUTA\u201d, consiste en la intervenci\u00f3n de estos j\u00f3venes en los principales centros de detenci\u00f3n de viajeros interregionales en vacaciones (enero a marzo) para as\u00ed educar y entregar informaci\u00f3n relevante sobre autocuidado, Plan Paso a Paso, testeo oportuno y aislamiento efectivo en residencias sanitarias.<\/p>\n<p>El equipo estar\u00e1 entregando este material informativo que hemos realizado con recomendaciones de autocuidado durante las vacaciones y qu\u00e9 hacer en caso de contagiarse con el virus o ser catalogado como contacto estrecho\u00a0\u00a0 en el lugar de veraneo. Adem\u00e1s, les dar\u00e1n informaci\u00f3n sobre las Residencias Sanitarias y c\u00f3mo acceder a ellas en caso de que se requiera.<\/p>\n<p>&nbsp;<\/p>\n<p>El Serei de Salud, Bastian Hermosilla Noriega, se\u00f1al\u00f3 \u201cEl contexto actual exige que todos participemos en disminuir los riesgos de contagios, para esto la educaci\u00f3n es un pilar fundamental. A medida que las libertades se mantienen, como ocurre con el permiso de vacaciones, resulta fundamental fortalecer la comunicaci\u00f3n de las medidas de autocuidado, el testeo por b\u00fasqueda activa y por supuesto, el aislamiento efectivo de preferencia en Residencias Sanitarias, las cuales son gratuitas y garantizan un asilamiento efectivo\u201d<\/p>\n<p>Finalmente, cabe destacar que las cuadrillas sanitarias estar\u00e1n recorriendo los lugares m\u00e1s aglomeradas de la regi\u00f3n, con el fin de promocionar las medidas de prevenci\u00f3n.<\/p>\n","protected":false},"excerpt":{"rendered":"<p>Las \u201cCuadrillas en Tu Ruta\u201d apoyar\u00e1n la difusi\u00f3n de la estrategia de testeo, trazabilidad y aislamiento, b\u00fasqueda activa de casos y residencias sanitarias. \u201cCUADRILLAS EN&hellip; <\/p>\n","protected":false},"author":2,"featured_media":0,"comment_status":"open","ping_status":"closed","sticky":false,"template":"","format":"standard","meta":{"footnotes":""},"categories":[7],"tags":[],"class_list":["post-35060","post","type-post","status-publish","format-standard","hentry","category-atacama"],"_links":{"self":[{"href":"https:\/\/www.radioamigavallenar.cl\/index.php?rest_route=\/wp\/v2\/posts\/35060","targetHints":{"allow":["GET"]}}],"collection":[{"href":"https:\/\/www.radioamigavallenar.cl\/index.php?rest_route=\/wp\/v2\/posts"}],"about":[{"href":"https:\/\/www.radioamigavallenar.cl\/index.php?rest_route=\/wp\/v2\/types\/post"}],"author":[{"embeddable":true,"href":"https:\/\/www.radioamigavallenar.cl\/index.php?rest_route=\/wp\/v2\/users\/2"}],"replies":[{"embeddable":true,"href":"https:\/\/www.radioamigavallenar.cl\/index.php?rest_route=%2Fwp%2Fv2%2Fcomments&post=35060"}],"version-history":[{"count":1,"href":"https:\/\/www.radioamigavallenar.cl\/index.php?rest_route=\/wp\/v2\/posts\/35060\/revisions"}],"predecessor-version":[{"id":35062,"href":"https:\/\/www.radioamigavallenar.cl\/index.php?rest_route=\/wp\/v2\/posts\/35060\/revisions\/35062"}],"wp:attachment":[{"href":"https:\/\/www.radioamigavallenar.cl\/index.php?rest_route=%2Fwp%2Fv2%2Fmedia&parent=35060"}],"wp:term":[{"taxonomy":"category","embeddable":true,"href":"https:\/\/www.radioamigavallenar.cl\/index.php?rest_route=%2Fwp%2Fv2%2Fcategories&post=35060"},{"taxonomy":"post_tag","embeddable":true,"href":"https:\/\/www.radioamigavallenar.cl\/index.php?rest_route=%2Fwp%2Fv2%2Ftags&post=35060"}],"curies":[{"name":"wp","href":"https:\/\/api.w.org\/{rel}","templated":true}]}}