{"id":35058,"date":"2021-01-22T11:08:18","date_gmt":"2021-01-22T14:08:18","guid":{"rendered":"https:\/\/www.radioamigavallenar.cl\/?p=35058"},"modified":"2021-01-22T11:08:18","modified_gmt":"2021-01-22T14:08:18","slug":"diputada-cicardini-destaco-aprobacion-de-retiro-de-fondos-de-pensiones-a-enfermos-terminales-como-acto-de-dignidad-y-justicia","status":"publish","type":"post","link":"https:\/\/www.radioamigavallenar.cl\/?p=35058","title":{"rendered":"Diputada Cicardini destac\u00f3 aprobaci\u00f3n de retiro de fondos de pensiones a enfermos terminales como acto de \u201cdignidad y justicia\u201d"},"content":{"rendered":"<p class=\"v1MsoNormal\"><strong>Con satisfacci\u00f3n y se\u00f1al\u00e1ndolo como un acto de \u201cdignidad y justicia\u201d destac\u00f3 la diputada socialista por Atacama, Daniella Cicardini, la aprobaci\u00f3n en tercer tr\u00e1mite y despacho a ley del proyecto que permite el retiro de fondos previsionales para los afiliados\u00a0y pensionados calificados como enfermos terminales.<\/strong><span id=\"more-133291\"><\/span><\/p>\n<p class=\"v1MsoNormal\">La parlamentaria es coautora de la iniciativa original de reforma constitucional impulsada por su colega de bancada, el diputado PS Marcos Ilabaca, la que, tras un acuerdo con el gobierno, fue posteriormente patrocinada como un nuevo proyecto por parte del Ejecutivo.<\/p>\n<p class=\"v1MsoNormal\">Sobre su paso a ley la diputada Cicardini se\u00f1al\u00f3 que \u201cindependiente que sigue pendiente el tema de fondo sobre las bajas pensiones y el apoyo a los enfermos terminales vulnerables por parte del Estado; sin duda con esta aprobaci\u00f3n estamos haciendo un m\u00ednimo acto de humanidad, de dignidad y de justicia con los miles de chilenos, chilenas y atacame\u00f1os, y sus familias, que no pod\u00edan hacer uso de recursos que les pertenecen para enfrentar la realidad de vivir la etapa final de su vida\u201d.<\/p>\n<p class=\"v1MsoNormal\">\u201cEs absurdo y cruel impedir que la gente haga uso de fondos que est\u00e1n destinados a sus \u00faltimos d\u00edas, cuando precisamente muchos de ellos lamentablemente ya saben que est\u00e1n viviendo esos \u00faltimos d\u00edas. Negar esos recursos a la gente es agregar a su enfermedad una carga innecesaria, y es agregarles angustia por no contar con recursos para tener un poco de alivio o un poquito de mejor calidad de vida. Por eso es una gran satisfacci\u00f3n y una gran noticia que se haga realidad esta iniciativa\u201d.<\/p>\n<p class=\"v1MsoNormal\">En la misma l\u00ednea, junto con destacar la gesti\u00f3n del diputado Ilabaca y el di\u00e1logo y acuerdo con el Ejecutivo que permiti\u00f3 acelerar el tr\u00e1mite de la iniciativa, la diputada Cicardini llam\u00f3 al gobierno \u201ca mantener ese sentido de urgencia, promulgando lo antes posible este proyecto y as\u00ed comenzar desde marzo a entregar parte de sus ben\u00e9ficos a gente que hoy tiene el tiempo en contra\u201d.<\/p>\n<p class=\"v1MsoNormal\">La iniciativa permite que afiliados activos o pensionados de una AFP y diagnosticados con una enfermedad terminal, puedan hacer retiro de sus fondos como excedente de libre disposici\u00f3n, manteniendo recursos para financiar una renta temporal por 12 meses igual a la Pensi\u00f3n B\u00e1sica Solidaria y una cuota mortuoria de 15 UF.<\/p>\n<p class=\"v1MsoNormal\">Finalmente la parlamentaria valor\u00f3 que la nueva ley libera de impuestos a los enfermos terminales por retiros de hasta los 40 millones de pesos de los excedentes de libre disposici\u00f3n.<\/p>\n","protected":false},"excerpt":{"rendered":"<p>Con satisfacci\u00f3n y se\u00f1al\u00e1ndolo como un acto de \u201cdignidad y justicia\u201d destac\u00f3 la diputada socialista por Atacama, Daniella Cicardini, la aprobaci\u00f3n en tercer tr\u00e1mite y&hellip; <\/p>\n","protected":false},"author":2,"featured_media":29672,"comment_status":"open","ping_status":"closed","sticky":false,"template":"","format":"standard","meta":{"footnotes":""},"categories":[38],"tags":[],"class_list":["post-35058","post","type-post","status-publish","format-standard","has-post-thumbnail","hentry","category-portada-regional"],"_links":{"self":[{"href":"https:\/\/www.radioamigavallenar.cl\/index.php?rest_route=\/wp\/v2\/posts\/35058","targetHints":{"allow":["GET"]}}],"collection":[{"href":"https:\/\/www.radioamigavallenar.cl\/index.php?rest_route=\/wp\/v2\/posts"}],"about":[{"href":"https:\/\/www.radioamigavallenar.cl\/index.php?rest_route=\/wp\/v2\/types\/post"}],"author":[{"embeddable":true,"href":"https:\/\/www.radioamigavallenar.cl\/index.php?rest_route=\/wp\/v2\/users\/2"}],"replies":[{"embeddable":true,"href":"https:\/\/www.radioamigavallenar.cl\/index.php?rest_route=%2Fwp%2Fv2%2Fcomments&post=35058"}],"version-history":[{"count":1,"href":"https:\/\/www.radioamigavallenar.cl\/index.php?rest_route=\/wp\/v2\/posts\/35058\/revisions"}],"predecessor-version":[{"id":35059,"href":"https:\/\/www.radioamigavallenar.cl\/index.php?rest_route=\/wp\/v2\/posts\/35058\/revisions\/35059"}],"wp:featuredmedia":[{"embeddable":true,"href":"https:\/\/www.radioamigavallenar.cl\/index.php?rest_route=\/wp\/v2\/media\/29672"}],"wp:attachment":[{"href":"https:\/\/www.radioamigavallenar.cl\/index.php?rest_route=%2Fwp%2Fv2%2Fmedia&parent=35058"}],"wp:term":[{"taxonomy":"category","embeddable":true,"href":"https:\/\/www.radioamigavallenar.cl\/index.php?rest_route=%2Fwp%2Fv2%2Fcategories&post=35058"},{"taxonomy":"post_tag","embeddable":true,"href":"https:\/\/www.radioamigavallenar.cl\/index.php?rest_route=%2Fwp%2Fv2%2Ftags&post=35058"}],"curies":[{"name":"wp","href":"https:\/\/api.w.org\/{rel}","templated":true}]}}