{"id":35052,"date":"2021-01-22T09:02:58","date_gmt":"2021-01-22T12:02:58","guid":{"rendered":"https:\/\/www.radioamigavallenar.cl\/?p=35052"},"modified":"2021-01-22T11:04:38","modified_gmt":"2021-01-22T14:04:38","slug":"minsal-confirma-que-llegaran-100-mil-vacunas-de-sinovac-al-bio-bio-tras-reclamo-del-colegio-medico","status":"publish","type":"post","link":"https:\/\/www.radioamigavallenar.cl\/?p=35052","title":{"rendered":"Minsal confirma que llegar\u00e1n 100 mil vacunas de Sinovac al B\u00edo B\u00edo tras reclamo del Colegio M\u00e9dico"},"content":{"rendered":"<p>El Seremi de Salud asegur\u00f3 que entre la pr\u00f3xima semana y la primera de febrero deber\u00edan llegar\u00a0<strong>al menos 100 mil dosis<\/strong>\u00a0de vacunas Sinovac al B\u00edo B\u00edo.<\/p>\n<p>Esto luego del reclamo que realiz\u00f3 el Colegio M\u00e9dico de Concepci\u00f3n, que acusa que<strong>\u00a0no hay prioridad para la regi\u00f3n<\/strong>\u00a0en este proceso de inoculaci\u00f3n.<\/p>\n<p><strong>\u201cEstamos a la cola de las vacunaciones\u201d,<\/strong>\u00a0indic\u00f3 el presidente del gremio en la zona, entre otras cr\u00edticas.<\/p>\n<p>Por este motivo, el seremi de Salud, H\u00e9ctor Mu\u00f1oz, anunci\u00f3 que en las pr\u00f3ximas dos semanas\u00a0<strong>deber\u00eda llegar una gran cantidad de vacunas Sinovac<\/strong>\u00a0a la regi\u00f3n.<\/p>\n<p>Cerca de 100 mil asegur\u00f3 la autoridad, lo que permitir\u00eda vacunar a\u00a0<strong>todo el personal de salud<\/strong>\u00a0y adem\u00e1s a otros grupos de riesgo.<\/p>\n<p>Respecto al reclamo del colegio m\u00e9dico por la falta de vacunas para personal de salud y la amenaza de manifestaciones, el director del Hospital Regional de Concepci\u00f3n, el Doctor Alejandro Toche,\u00a0<strong>llam\u00f3 a sus colegas a la calma<\/strong>.<\/p>\n<p>Los diputados de la UDI, Sergio Bobadilla e Iv\u00e1n Norambuena, pidieron al Gobierno que las vacunas contra el coronavirus se\u00a0<strong>distribuyan de manera equitativa<\/strong>, tanto en la regi\u00f3n Metropolitana como en las otras zonas del pa\u00eds.<\/p>\n<p>\u201cEntendemos que hay un plan bastante riguroso por parte del Ministerio de Salud para la distribuci\u00f3n de las primeras vacunas que est\u00e1n llegando al pa\u00eds, pero a su vez, esperamos que la vacunaci\u00f3n no sea principalmente en la capital, sino que llegue tambi\u00e9n de manera equitativa y proporcional al resto del pa\u00eds\u201d, enfatizaron.<\/p>\n<p>La regi\u00f3n del B\u00edo B\u00edo sigue con una red asistencial fr\u00e1gil, quedan s\u00f3lo 27 camas UCI y 28 camas UTI. Se espera poder seguir reconvirtiendo camas cr\u00edticas hasta llegar a las 250, que por el momento\u00a0<strong>ser\u00eda el m\u00e1ximo al que puede optar la zona<\/strong>\u00a0con los actuales recursos.<\/p>\n","protected":false},"excerpt":{"rendered":"<p>El Seremi de Salud asegur\u00f3 que entre la pr\u00f3xima semana y la primera de febrero deber\u00edan llegar\u00a0al menos 100 mil dosis\u00a0de vacunas Sinovac al B\u00edo&hellip; <\/p>\n","protected":false},"author":2,"featured_media":0,"comment_status":"open","ping_status":"closed","sticky":false,"template":"","format":"standard","meta":{"footnotes":""},"categories":[37],"tags":[],"class_list":["post-35052","post","type-post","status-publish","format-standard","hentry","category-nacional"],"_links":{"self":[{"href":"https:\/\/www.radioamigavallenar.cl\/index.php?rest_route=\/wp\/v2\/posts\/35052","targetHints":{"allow":["GET"]}}],"collection":[{"href":"https:\/\/www.radioamigavallenar.cl\/index.php?rest_route=\/wp\/v2\/posts"}],"about":[{"href":"https:\/\/www.radioamigavallenar.cl\/index.php?rest_route=\/wp\/v2\/types\/post"}],"author":[{"embeddable":true,"href":"https:\/\/www.radioamigavallenar.cl\/index.php?rest_route=\/wp\/v2\/users\/2"}],"replies":[{"embeddable":true,"href":"https:\/\/www.radioamigavallenar.cl\/index.php?rest_route=%2Fwp%2Fv2%2Fcomments&post=35052"}],"version-history":[{"count":1,"href":"https:\/\/www.radioamigavallenar.cl\/index.php?rest_route=\/wp\/v2\/posts\/35052\/revisions"}],"predecessor-version":[{"id":35054,"href":"https:\/\/www.radioamigavallenar.cl\/index.php?rest_route=\/wp\/v2\/posts\/35052\/revisions\/35054"}],"wp:attachment":[{"href":"https:\/\/www.radioamigavallenar.cl\/index.php?rest_route=%2Fwp%2Fv2%2Fmedia&parent=35052"}],"wp:term":[{"taxonomy":"category","embeddable":true,"href":"https:\/\/www.radioamigavallenar.cl\/index.php?rest_route=%2Fwp%2Fv2%2Fcategories&post=35052"},{"taxonomy":"post_tag","embeddable":true,"href":"https:\/\/www.radioamigavallenar.cl\/index.php?rest_route=%2Fwp%2Fv2%2Ftags&post=35052"}],"curies":[{"name":"wp","href":"https:\/\/api.w.org\/{rel}","templated":true}]}}