{"id":35049,"date":"2021-01-22T11:02:37","date_gmt":"2021-01-22T14:02:37","guid":{"rendered":"https:\/\/www.radioamigavallenar.cl\/?p=35049"},"modified":"2021-01-22T11:02:37","modified_gmt":"2021-01-22T14:02:37","slug":"confirman-multas-de-51-y-25-millones-de-pesos-a-dos-involucrado-en-fiestas-clandestinas-en-zapallar","status":"publish","type":"post","link":"https:\/\/www.radioamigavallenar.cl\/?p=35049","title":{"rendered":"Confirman multas de 51 y 25 millones de pesos a dos involucrado en fiestas clandestinas en Zapallar"},"content":{"rendered":"<p>La Seremi de Salud de la regi\u00f3n de Valpara\u00edso confirm\u00f3 dos multas millonarias por fiestas clandestinas realizadas en Zapallar.<\/p>\n<p>La primera multa es de 51 millones de pesos (1.000 UTM) contra el propietario del local Santo diablo, por fiestas clandestinas que se realizaron los d\u00edas 2 y 4 de enero.<\/p>\n<p>Producto de las fiestas en dicho local se gener\u00f3 un brote de coronavirus.<\/p>\n<p>El segundo caso corresponde a una\u00a0<strong>multa de 25 millones de pesos<\/strong>\u00a0(500 UTM) contra uno de los asistentes a una fiesta clandestina de A\u00f1o Nuevo en Zapallar. El joven se contagi\u00f3 en la fiesta y no cumpli\u00f3 su cuarentena en su residencia correspondiente.<\/p>\n<p>Otro tema que sigue en curso es el\u00a0<strong>sumario sanitario\u00a0<\/strong>contra el organizador de una fiesta clandestina que se viraliz\u00f3 en redes sociales y que provoc\u00f3 un enorme brote de coronavirus.<\/p>\n","protected":false},"excerpt":{"rendered":"<p>La Seremi de Salud de la regi\u00f3n de Valpara\u00edso confirm\u00f3 dos multas millonarias por fiestas clandestinas realizadas en Zapallar. La primera multa es de 51&hellip; <\/p>\n","protected":false},"author":2,"featured_media":0,"comment_status":"open","ping_status":"closed","sticky":false,"template":"","format":"standard","meta":{"footnotes":""},"categories":[37],"tags":[],"class_list":["post-35049","post","type-post","status-publish","format-standard","hentry","category-nacional"],"_links":{"self":[{"href":"https:\/\/www.radioamigavallenar.cl\/index.php?rest_route=\/wp\/v2\/posts\/35049","targetHints":{"allow":["GET"]}}],"collection":[{"href":"https:\/\/www.radioamigavallenar.cl\/index.php?rest_route=\/wp\/v2\/posts"}],"about":[{"href":"https:\/\/www.radioamigavallenar.cl\/index.php?rest_route=\/wp\/v2\/types\/post"}],"author":[{"embeddable":true,"href":"https:\/\/www.radioamigavallenar.cl\/index.php?rest_route=\/wp\/v2\/users\/2"}],"replies":[{"embeddable":true,"href":"https:\/\/www.radioamigavallenar.cl\/index.php?rest_route=%2Fwp%2Fv2%2Fcomments&post=35049"}],"version-history":[{"count":1,"href":"https:\/\/www.radioamigavallenar.cl\/index.php?rest_route=\/wp\/v2\/posts\/35049\/revisions"}],"predecessor-version":[{"id":35051,"href":"https:\/\/www.radioamigavallenar.cl\/index.php?rest_route=\/wp\/v2\/posts\/35049\/revisions\/35051"}],"wp:attachment":[{"href":"https:\/\/www.radioamigavallenar.cl\/index.php?rest_route=%2Fwp%2Fv2%2Fmedia&parent=35049"}],"wp:term":[{"taxonomy":"category","embeddable":true,"href":"https:\/\/www.radioamigavallenar.cl\/index.php?rest_route=%2Fwp%2Fv2%2Fcategories&post=35049"},{"taxonomy":"post_tag","embeddable":true,"href":"https:\/\/www.radioamigavallenar.cl\/index.php?rest_route=%2Fwp%2Fv2%2Ftags&post=35049"}],"curies":[{"name":"wp","href":"https:\/\/api.w.org\/{rel}","templated":true}]}}