{"id":35047,"date":"2021-01-22T10:59:57","date_gmt":"2021-01-22T13:59:57","guid":{"rendered":"https:\/\/www.radioamigavallenar.cl\/?p=35047"},"modified":"2021-01-22T10:59:57","modified_gmt":"2021-01-22T13:59:57","slug":"figueroa-llama-al-colegio-de-profesores-a-sumarse-al-consejo-asesor-para-la-reapertura-de-colegios","status":"publish","type":"post","link":"https:\/\/www.radioamigavallenar.cl\/?p=35047","title":{"rendered":"Figueroa llama al Colegio de Profesores a sumarse al consejo asesor para la reapertura de colegios"},"content":{"rendered":"<p>Fue durante una actividad realizada en la comuna de Santiago que el ministro de Educaci\u00f3n,<strong>\u00a0Ra\u00fal Figueroa<\/strong>, donde reiter\u00f3 el llamado al gremio docente para que se sumen al consejo asesor para la reapertura de las escuelas, resaltando la importancia que tiene para la instancia que los profesores formen parte de ella.<\/p>\n<p>El secretario de Estado sostuvo que han tenido varias conversaciones francas con la directiva del Colegio de Profesores, por lo que espera que recapaciten y se integren, al espacio no vinculante, que impulsa el Mineduc y la Unesco, y al que ya\u00a0<strong>se han sumado trabajadoras de la Junji y asistentes de la educaci\u00f3n.<\/strong><\/p>\n<p>El presidente del Colegio de Profesores, Carlos D\u00edaz, respondi\u00f3 al emplazamiento del ministro Figueroa, y le pidi\u00f3 tomar nota de lo que ya le hab\u00edan manifestado en la \u00faltima reuni\u00f3n e incluir en el debate del retorno a las clases presenciales, a las comunidades locales de cada establecimiento, de manera que se escuche la opini\u00f3n de padres, apoderados y estudiantes.<\/p>\n<p>Adem\u00e1s, reiter\u00f3 que la participaci\u00f3n o no del gremio en el consejo asesor, ser\u00e1 decidido por las bases por medio de una consulta nacional que se llevar\u00e1 a cabo la pr\u00f3xima semana, seg\u00fan determin\u00f3 la \u00faltima asamblea nacional.<\/p>\n<p>D\u00edaz reafirm\u00f3 que la implementaci\u00f3n de mesas de trabajo territorial, es la \u00fanica forma que las comunidades escolares recuperen la confianza y lo que ayudar\u00e1 a destrabar la discusi\u00f3n.<\/p>\n<p>El ministro Ra\u00fal Figueroa solicit\u00f3 adem\u00e1s no polarizar la discusi\u00f3n sobre el retorno a las clases presenciales, ya que debido a la pandemia imperar\u00e1 un sistema h\u00edbrido.<\/p>\n<p>El ministro de Educaci\u00f3n pidi\u00f3 adem\u00e1s al Colegio de Profesores colaboraci\u00f3n en la difusi\u00f3n para que docentes se vacunen, luego que se les incorporara como grupo prioritario para la inoculaci\u00f3n contra el Covid-19.<\/p>\n","protected":false},"excerpt":{"rendered":"<p>Fue durante una actividad realizada en la comuna de Santiago que el ministro de Educaci\u00f3n,\u00a0Ra\u00fal Figueroa, donde reiter\u00f3 el llamado al gremio docente para que&hellip; <\/p>\n","protected":false},"author":2,"featured_media":0,"comment_status":"open","ping_status":"closed","sticky":false,"template":"","format":"standard","meta":{"footnotes":""},"categories":[37],"tags":[],"class_list":["post-35047","post","type-post","status-publish","format-standard","hentry","category-nacional"],"_links":{"self":[{"href":"https:\/\/www.radioamigavallenar.cl\/index.php?rest_route=\/wp\/v2\/posts\/35047","targetHints":{"allow":["GET"]}}],"collection":[{"href":"https:\/\/www.radioamigavallenar.cl\/index.php?rest_route=\/wp\/v2\/posts"}],"about":[{"href":"https:\/\/www.radioamigavallenar.cl\/index.php?rest_route=\/wp\/v2\/types\/post"}],"author":[{"embeddable":true,"href":"https:\/\/www.radioamigavallenar.cl\/index.php?rest_route=\/wp\/v2\/users\/2"}],"replies":[{"embeddable":true,"href":"https:\/\/www.radioamigavallenar.cl\/index.php?rest_route=%2Fwp%2Fv2%2Fcomments&post=35047"}],"version-history":[{"count":1,"href":"https:\/\/www.radioamigavallenar.cl\/index.php?rest_route=\/wp\/v2\/posts\/35047\/revisions"}],"predecessor-version":[{"id":35048,"href":"https:\/\/www.radioamigavallenar.cl\/index.php?rest_route=\/wp\/v2\/posts\/35047\/revisions\/35048"}],"wp:attachment":[{"href":"https:\/\/www.radioamigavallenar.cl\/index.php?rest_route=%2Fwp%2Fv2%2Fmedia&parent=35047"}],"wp:term":[{"taxonomy":"category","embeddable":true,"href":"https:\/\/www.radioamigavallenar.cl\/index.php?rest_route=%2Fwp%2Fv2%2Fcategories&post=35047"},{"taxonomy":"post_tag","embeddable":true,"href":"https:\/\/www.radioamigavallenar.cl\/index.php?rest_route=%2Fwp%2Fv2%2Ftags&post=35047"}],"curies":[{"name":"wp","href":"https:\/\/api.w.org\/{rel}","templated":true}]}}