{"id":35045,"date":"2021-01-22T10:57:27","date_gmt":"2021-01-22T13:57:27","guid":{"rendered":"https:\/\/www.radioamigavallenar.cl\/?p=35045"},"modified":"2021-01-22T10:57:27","modified_gmt":"2021-01-22T13:57:27","slug":"diputado-noman-hace-llamado-a-que-proyecto-minero-gold-fields-priorice-contratacion-de-mano-de-obra-local","status":"publish","type":"post","link":"https:\/\/www.radioamigavallenar.cl\/?p=35045","title":{"rendered":"Diputado Noman hace llamado a que proyecto minero Gold Fields priorice contrataci\u00f3n de mano de obra local"},"content":{"rendered":"<h4>\u201cEsta es una tremenda oportunidad para reactivar la econom\u00eda de nuestra regi\u00f3n de Atacama\u201d, dijo el parlamentario.<span id=\"more-234841\"><\/span><\/h4>\n<p>Tras el anuncio de que Gold Fields dio inicio formalmente a la infraestructura minera del proyecto de oro y plata Salares Norte, el diputado Nicol\u00e1s Noman, hizo un llamado a priorizar la mano de obra local.<\/p>\n<p>El parlamentario por Atacama, quien hace un tiempo atr\u00e1s present\u00f3 un proyecto de ley para priorizar la mano de obra local en proyectos regionales, insisti\u00f3 en que \u201cesta es una oportunidad incre\u00edble para aplicar este m\u00e9todo de trabajo\u201d.<\/p>\n<p>\u201cSiempre he cre\u00eddo que las empresas que llegan a hacer trabajos o proyectos a una determinada Regi\u00f3n, deben primero contar con gente de la zona para llevar adelante las obras, con el fin de ayudar al desarrollo y crecimiento de la econom\u00eda local\u201d, argument\u00f3 Noman.<\/p>\n<p>Y en esa l\u00ednea, asegur\u00f3 que para Gold Fields esta es una gran oportunidad, \u201cAtacama cuenta con gente que conoce en profundidad el tema minero, por lo que dar una oportunidad a las personas de la Regi\u00f3n es un tremendo desaf\u00edo\u201d.<\/p>\n<p>En concreto, dijo el legislador, \u201cesta es una obra por U$860 millones que crear\u00e1 unos 2.700 empleos durante la etapa de construcci\u00f3n, y que dar\u00e1 trabajo a unos 900 empleados y contratistas una vez que est\u00e9 operativo.<\/p>\n<p>Por esta raz\u00f3n, el diputado Nicol\u00e1s Noman insisti\u00f3 en el llamado a priorizar la mano de obra local en este tremendo proyecto que se desarrollar\u00e1 en nuestra regi\u00f3n de Atacama.<\/p>\n","protected":false},"excerpt":{"rendered":"<p>\u201cEsta es una tremenda oportunidad para reactivar la econom\u00eda de nuestra regi\u00f3n de Atacama\u201d, dijo el parlamentario. Tras el anuncio de que Gold Fields dio&hellip; <\/p>\n","protected":false},"author":2,"featured_media":31952,"comment_status":"open","ping_status":"closed","sticky":false,"template":"","format":"standard","meta":{"footnotes":""},"categories":[38],"tags":[],"class_list":["post-35045","post","type-post","status-publish","format-standard","has-post-thumbnail","hentry","category-portada-regional"],"_links":{"self":[{"href":"https:\/\/www.radioamigavallenar.cl\/index.php?rest_route=\/wp\/v2\/posts\/35045","targetHints":{"allow":["GET"]}}],"collection":[{"href":"https:\/\/www.radioamigavallenar.cl\/index.php?rest_route=\/wp\/v2\/posts"}],"about":[{"href":"https:\/\/www.radioamigavallenar.cl\/index.php?rest_route=\/wp\/v2\/types\/post"}],"author":[{"embeddable":true,"href":"https:\/\/www.radioamigavallenar.cl\/index.php?rest_route=\/wp\/v2\/users\/2"}],"replies":[{"embeddable":true,"href":"https:\/\/www.radioamigavallenar.cl\/index.php?rest_route=%2Fwp%2Fv2%2Fcomments&post=35045"}],"version-history":[{"count":1,"href":"https:\/\/www.radioamigavallenar.cl\/index.php?rest_route=\/wp\/v2\/posts\/35045\/revisions"}],"predecessor-version":[{"id":35046,"href":"https:\/\/www.radioamigavallenar.cl\/index.php?rest_route=\/wp\/v2\/posts\/35045\/revisions\/35046"}],"wp:featuredmedia":[{"embeddable":true,"href":"https:\/\/www.radioamigavallenar.cl\/index.php?rest_route=\/wp\/v2\/media\/31952"}],"wp:attachment":[{"href":"https:\/\/www.radioamigavallenar.cl\/index.php?rest_route=%2Fwp%2Fv2%2Fmedia&parent=35045"}],"wp:term":[{"taxonomy":"category","embeddable":true,"href":"https:\/\/www.radioamigavallenar.cl\/index.php?rest_route=%2Fwp%2Fv2%2Fcategories&post=35045"},{"taxonomy":"post_tag","embeddable":true,"href":"https:\/\/www.radioamigavallenar.cl\/index.php?rest_route=%2Fwp%2Fv2%2Ftags&post=35045"}],"curies":[{"name":"wp","href":"https:\/\/api.w.org\/{rel}","templated":true}]}}