{"id":35042,"date":"2021-01-22T10:56:23","date_gmt":"2021-01-22T13:56:23","guid":{"rendered":"https:\/\/www.radioamigavallenar.cl\/?p=35042"},"modified":"2021-01-22T10:56:23","modified_gmt":"2021-01-22T13:56:23","slug":"desde-hoy-y-hasta-el-martes-26-de-enero-preven-precipitaciones-de-nieve-y-agua-nieve-en-la-cordillera-de-atacama","status":"publish","type":"post","link":"https:\/\/www.radioamigavallenar.cl\/?p=35042","title":{"rendered":"Desde hoy y hasta el martes 26 de enero prev\u00e9n precipitaciones de nieve y agua nieve en la cordillera de Atacama"},"content":{"rendered":"<p style=\"text-align: center;\"><strong>Copiap\u00f3, Tierra Amarilla, Alto del Carmen y Diego de Almagro<\/strong><span id=\"more-234756\"><\/span><\/p>\n<p>De acuerdo con la informaci\u00f3n proporcionada por la Direcci\u00f3n Meteorol\u00f3gica de Chile (DMC), mediante su Pron\u00f3stico Meteorol\u00f3gico Oficial, emitido durante la tarde de hoy, se prev\u00e9 la ocurrencia de precipitaciones de nieve y agua nieve en el sector cordillerano de la Regi\u00f3n de Atacama, entre hoy viernes 22 y el martes 26 de enero.<\/p>\n<p>La isoterma 0\u00b0C (m.s.n.m.) estimada para dicho periodo es la siguiente:<\/p>\n<div align=\"center\">\n<table border=\"0\" width=\"0\" cellspacing=\"0\" cellpadding=\"0\">\n<tbody>\n<tr>\n<td valign=\"top\" width=\"140\">Viernes 22<\/td>\n<td valign=\"top\" width=\"141\">S\u00e1bado 23<\/td>\n<td valign=\"top\">Domingo 24<\/td>\n<td valign=\"top\">Lunes 25<\/td>\n<td valign=\"top\">\n<p align=\"right\">Martes 26<\/p>\n<\/td>\n<\/tr>\n<tr>\n<td valign=\"top\" width=\"140\">Entre 4.600 y 4.900<\/td>\n<td valign=\"top\" width=\"141\">Entre 4.800 y 4.600<\/td>\n<td valign=\"top\">Entre 4.600 y 4.400<\/td>\n<td valign=\"top\">Entre 4.600 y 4.300<\/td>\n<td valign=\"top\">\n<p align=\"right\">Entre 4.300 y 4.200<\/p>\n<\/td>\n<\/tr>\n<\/tbody>\n<\/table>\n<\/div>\n<p>&nbsp;<\/p>\n<p>Adicionalmente, se actualiz\u00f3 el Aviso Meteorol\u00f3gico CNA A14-2\/2021, que prev\u00e9 el probable desarrollo de tormentas el\u00e9ctricas en el sector cordillerano de la Regi\u00f3n de Atacama, hasta el lunes 25 de enero. Cabe destacar, que este fen\u00f3meno afectar\u00e1 principalmente en horas de la tarde y noche.<\/p>\n<p>En consideraci\u00f3n a este antecedente, que supone un aumento del riesgo asociado a esta variable meteorol\u00f3gica, la Direcci\u00f3n Regional de ONEMI Atacama,\u00a0actualiza la Alerta\u00a0Temprana Preventiva\u00a0para las comunas de Copiap\u00f3, Tierra Amarilla, Alto del Carmen y Diego de Almagro, por evento meteorol\u00f3gico, que se encuentra vigente desde el 17 de enero y hasta que las condiciones as\u00ed lo ameriten.<\/p>\n<p>La actualizaci\u00f3n de esta alerta, se constituye como un estado de reforzamiento de la vigilancia, mediante el monitoreo preciso y riguroso de las condiciones de riesgo y las respectivas vulnerabilidades asociadas a la amenaza, coordinando y activando al Sistema de Protecci\u00f3n Civil con el fin de actuar oportunamente frente a eventuales situaciones de emergencia<\/p>\n","protected":false},"excerpt":{"rendered":"<p>Copiap\u00f3, Tierra Amarilla, Alto del Carmen y Diego de Almagro De acuerdo con la informaci\u00f3n proporcionada por la Direcci\u00f3n Meteorol\u00f3gica de Chile (DMC), mediante su&hellip; <\/p>\n","protected":false},"author":2,"featured_media":0,"comment_status":"open","ping_status":"closed","sticky":false,"template":"","format":"standard","meta":{"footnotes":""},"categories":[38],"tags":[],"class_list":["post-35042","post","type-post","status-publish","format-standard","hentry","category-portada-regional"],"_links":{"self":[{"href":"https:\/\/www.radioamigavallenar.cl\/index.php?rest_route=\/wp\/v2\/posts\/35042","targetHints":{"allow":["GET"]}}],"collection":[{"href":"https:\/\/www.radioamigavallenar.cl\/index.php?rest_route=\/wp\/v2\/posts"}],"about":[{"href":"https:\/\/www.radioamigavallenar.cl\/index.php?rest_route=\/wp\/v2\/types\/post"}],"author":[{"embeddable":true,"href":"https:\/\/www.radioamigavallenar.cl\/index.php?rest_route=\/wp\/v2\/users\/2"}],"replies":[{"embeddable":true,"href":"https:\/\/www.radioamigavallenar.cl\/index.php?rest_route=%2Fwp%2Fv2%2Fcomments&post=35042"}],"version-history":[{"count":1,"href":"https:\/\/www.radioamigavallenar.cl\/index.php?rest_route=\/wp\/v2\/posts\/35042\/revisions"}],"predecessor-version":[{"id":35044,"href":"https:\/\/www.radioamigavallenar.cl\/index.php?rest_route=\/wp\/v2\/posts\/35042\/revisions\/35044"}],"wp:attachment":[{"href":"https:\/\/www.radioamigavallenar.cl\/index.php?rest_route=%2Fwp%2Fv2%2Fmedia&parent=35042"}],"wp:term":[{"taxonomy":"category","embeddable":true,"href":"https:\/\/www.radioamigavallenar.cl\/index.php?rest_route=%2Fwp%2Fv2%2Fcategories&post=35042"},{"taxonomy":"post_tag","embeddable":true,"href":"https:\/\/www.radioamigavallenar.cl\/index.php?rest_route=%2Fwp%2Fv2%2Ftags&post=35042"}],"curies":[{"name":"wp","href":"https:\/\/api.w.org\/{rel}","templated":true}]}}