{"id":35039,"date":"2021-01-22T10:52:46","date_gmt":"2021-01-22T13:52:46","guid":{"rendered":"https:\/\/www.radioamigavallenar.cl\/?p=35039"},"modified":"2021-01-22T10:52:46","modified_gmt":"2021-01-22T13:52:46","slug":"gold-fields-inicia-obras-de-proyecto-de-oro-por-us860-millones-en-atacama","status":"publish","type":"post","link":"https:\/\/www.radioamigavallenar.cl\/?p=35039","title":{"rendered":"Gold Fields inicia obras de proyecto de oro por US$860 millones en Atacama"},"content":{"rendered":"<p>Gold Fields dio inicio formalmente a la\u00a0 construcci\u00f3n de la infraestructura minera de proyecto minero de oro y plata Salares Norte, 180 kil\u00f3metros al noreste de la<br \/>\nciudad de Diego de Almagro, Provincia de Cha\u00f1aral, Regi\u00f3n de Atacama.<\/p>\n<p>Se proyecta que la construcci\u00f3n del proyecto de 860 millones de d\u00f3lares concluya a finales del 2022, con la primera producci\u00f3n de oro a principios de 2023.\u00a0 El proyecto crear\u00e1 unos 2 mil 700 empleos durante el peak de la construcci\u00f3n, mientras que se dar\u00e1 trabajo a unos 900 empleados y contratistas una vez que est\u00e9 operativo.<\/p>\n<p>Una vez que comience la puesta en marcha, la mina procesar\u00e1 dos millones de toneladas de mineral al a\u00f1o para la producci\u00f3n de oro dor\u00e9. Salares Norte se encuentra ubicado entre 3.900 metros y 4.700 metros sobre el nivel del mar en el municipio de Diego de Almagro, en la Regi\u00f3n de Atacama. La ciudad principal m\u00e1s cercana es Copiap\u00f3, a unos 330 km de la faena. El proyecto crear\u00e1 unos 2.700 empleos durante el peak de la construcci\u00f3n, mientras que se dar\u00e1 trabajo a unos 900 empleados y contratistas una vez que est\u00e9 operativo. Se ha completado aproximadamente el 15% del programa de construcci\u00f3n, incluyendo un campamento minero para hasta 1.800 personas, infraestructura relacionada y caminos de acceso.<\/p>\n<p>El biministro de Energ\u00eda y Miner\u00eda, Juan Carlos Jobet, manifest\u00f3 sobre la iniciativa que desde el punto de vista del empleo es una buena noticia \u201cpara miles de familias de la Regi\u00f3n de Atacama. La miner\u00eda ha jugado un rol clave en esta pandemia gracias a la gran cantidad de empleos que sustenta y que seguir\u00e1 generando en el mediano y largo plazo, por lo que estamos confiados en que seguir\u00e1 siendo el motor de desarrollo econ\u00f3mico de Chile\u201d.<\/p>\n<p>Por su parte, el director nacional de Sernageomin, Alfonso Domeyko, destac\u00f3 que Salares Norte es el primer proyecto greenfield \u2013es decir, una iniciativa que se construye desde cero- de esta envergadura que iniciar\u00e1 operaciones en el pa\u00eds desde hace varios a\u00f1os, y que \u201cproyecta tasas de extracci\u00f3n de 40 mil toneladas anuales y vida \u00fatil de 13 a\u00f1os, siendo un aporte al pa\u00eds su inversi\u00f3n de unos US$ 1.000 millones\u201d. El CEO de Gold Fields, Nick Holland, felicit\u00f3 al equipo de la compa\u00f1\u00eda en Chile por haber logrado apegarse al programa a pesar de los considerables desaf\u00edos vinculados a mantener a sus empleados y contratistas a salvo del impacto de la pandemia. \u201cLas acciones tempranas tomadas en respuesta a la pandemia y el compromiso de nuestra gente nos permitieron navegar los desaf\u00edos de esta situaci\u00f3n sin precedentes y altamente compleja y as\u00ed seguir el programa del calendario de producci\u00f3n\u201d, dijo.<\/p>\n<p>Max Combes, director de proyecto, explic\u00f3 que Salares Norte es una buena noticia para Chile y la econom\u00eda de la Regi\u00f3n de Atacama. \u201cUn proyecto como Salares Norte genera un encadenamiento productivo muy valioso en la industria y oportunidades econ\u00f3micas importantes para la regi\u00f3n\u201d. Seg\u00fan Combes, \u201cel proyecto busca emplear tecnolog\u00edas sostenibles que reducen su huella ambiental. Estas incluyen la energ\u00eda fotovoltaica solar y relaves filtrados para optimizar el uso del agua\u201d.<\/p>\n<p>En este ultimo punto, el director de Sernageomin subray\u00f3 que la tecnolog\u00eda de relaves \u201cpermite optimizar el uso del agua, permitiendo que el procesamiento del mineral se realice con bajo consumo h\u00eddrico, todo lo cual aporta a disminuir el footprint de la operaci\u00f3n\u201d. Salares Norte obtuvo a fines de 2019 su Resoluci\u00f3n de Calificaci\u00f3n Ambiental (RCA) y la activ\u00f3 en junio de 2020. Gold Fields Limited es un productor de oro diversificado con ocho minas en operaci\u00f3n (incluyendo su operaci\u00f3n conjunta Asanko) adem\u00e1s de sus iniciativas en Australia, Chile, Ghana, Per\u00fa y Sud\u00e1frica. Posee una producci\u00f3n anual total de oro equivalente atribuible de aproximadamente 2 millones de onzas. Tiene reservas minerales de oro atribuibles de alrededor de 48,1 millones de onzas.<\/p>\n","protected":false},"excerpt":{"rendered":"<p>Gold Fields dio inicio formalmente a la\u00a0 construcci\u00f3n de la infraestructura minera de proyecto minero de oro y plata Salares Norte, 180 kil\u00f3metros al noreste&hellip; <\/p>\n","protected":false},"author":2,"featured_media":0,"comment_status":"open","ping_status":"closed","sticky":false,"template":"","format":"standard","meta":{"footnotes":""},"categories":[38],"tags":[],"class_list":["post-35039","post","type-post","status-publish","format-standard","hentry","category-portada-regional"],"_links":{"self":[{"href":"https:\/\/www.radioamigavallenar.cl\/index.php?rest_route=\/wp\/v2\/posts\/35039","targetHints":{"allow":["GET"]}}],"collection":[{"href":"https:\/\/www.radioamigavallenar.cl\/index.php?rest_route=\/wp\/v2\/posts"}],"about":[{"href":"https:\/\/www.radioamigavallenar.cl\/index.php?rest_route=\/wp\/v2\/types\/post"}],"author":[{"embeddable":true,"href":"https:\/\/www.radioamigavallenar.cl\/index.php?rest_route=\/wp\/v2\/users\/2"}],"replies":[{"embeddable":true,"href":"https:\/\/www.radioamigavallenar.cl\/index.php?rest_route=%2Fwp%2Fv2%2Fcomments&post=35039"}],"version-history":[{"count":1,"href":"https:\/\/www.radioamigavallenar.cl\/index.php?rest_route=\/wp\/v2\/posts\/35039\/revisions"}],"predecessor-version":[{"id":35041,"href":"https:\/\/www.radioamigavallenar.cl\/index.php?rest_route=\/wp\/v2\/posts\/35039\/revisions\/35041"}],"wp:attachment":[{"href":"https:\/\/www.radioamigavallenar.cl\/index.php?rest_route=%2Fwp%2Fv2%2Fmedia&parent=35039"}],"wp:term":[{"taxonomy":"category","embeddable":true,"href":"https:\/\/www.radioamigavallenar.cl\/index.php?rest_route=%2Fwp%2Fv2%2Fcategories&post=35039"},{"taxonomy":"post_tag","embeddable":true,"href":"https:\/\/www.radioamigavallenar.cl\/index.php?rest_route=%2Fwp%2Fv2%2Ftags&post=35039"}],"curies":[{"name":"wp","href":"https:\/\/api.w.org\/{rel}","templated":true}]}}