{"id":35036,"date":"2021-01-22T10:51:29","date_gmt":"2021-01-22T13:51:29","guid":{"rendered":"https:\/\/www.radioamigavallenar.cl\/?p=35036"},"modified":"2021-01-22T10:51:29","modified_gmt":"2021-01-22T13:51:29","slug":"conaf-atacama-intensifica-patrullajes-para-prevenir-incendios-forestales-este-verano","status":"publish","type":"post","link":"https:\/\/www.radioamigavallenar.cl\/?p=35036","title":{"rendered":"CONAF Atacama intensifica patrullajes para prevenir incendios forestales este verano"},"content":{"rendered":"<p>Para evitar la proliferaci\u00f3n de incendios ocurridos el 2020, funcionarios de la Corporaci\u00f3n Nacional Forestal (CONAF) y brigadistas forestales han intensificado los patrullajes preventivos y las actividades de sensibilizaci\u00f3n comunitaria, en zonas rurales de la provincial del Huasco y de interfaz Urbano-Forestal, mediante la entrega de folleter\u00eda.<\/p>\n<p>Al respecto, el director regional de la entidad H\u00e9ctor Soto Vera, se\u00f1al\u00f3 que \u201cdurante esta \u00faltima semana se han recorrido 1024 km, de un total de 4000km que se han realizado desde el 01 de enero del 2021. Como resultado, se han paralizado 8 quemas ilegales en los sectores La Verbena, Tatara, Freirina, Llanos de Soto, El Colmo, entre otros. Al mismo tiempo cabe se\u00f1alar que en estas fechas la poblaci\u00f3n tiende a desplazarse a las \u00e1reas con mayor vegetaci\u00f3n, para escapar de las altas temperaturas y disfrutar del aire libre, lo que lamentablemente en algunas ocasiones puede incidir en la ocurrencia de incendios forestales, debido al descuido en torno al uso del fuego\u201d.<\/p>\n<p>En estos d\u00edas, los brigadistas forestales han asistido y controlado en forma r\u00e1pida y oportuna algunos focos recurrentes de incendio en los sectores de Perales Viejo, Cavancha y Callej\u00f3n Mart\u00ednez, en la ciudad de Vallenar.<\/p>\n<p>Durante esta temporada, al cierre de esta informaci\u00f3n, el n\u00famero de incendios forestales ha sido de 8, comparada con los 32 registrados en enero del 2020, lo que indica un 75% menos. La superficie afectada es de 14,46 hect\u00e1reas en comparaci\u00f3n a las 102,98 a esta misma fecha el 2020, lo que implica un 86% menos de superficie afectada.<\/p>\n<p>Por otra parte, el Secretario Ministerial de Agricultura, Patricio Araya Vargas, hace el llamado a reiterar que todo tipo de quemas est\u00e1n prohibidas hasta el 15 de Marzo de 2021, al mismo tiempo que se\u00f1ala que \u201cse han pronosticado para esta temporada altas temperaturas, que asociadas a la condici\u00f3n de sequ\u00eda de la regi\u00f3n, a la velocidad del viento y humedad relativa, potencia la ocurrencia\u00a0 y propagaci\u00f3n de incendios forestales en nuestra regi\u00f3n, en especial cuando estos siniestros se producen en forma intencional o por descuido\u201d.<\/p>\n","protected":false},"excerpt":{"rendered":"<p>Para evitar la proliferaci\u00f3n de incendios ocurridos el 2020, funcionarios de la Corporaci\u00f3n Nacional Forestal (CONAF) y brigadistas forestales han intensificado los patrullajes preventivos y&hellip; <\/p>\n","protected":false},"author":2,"featured_media":0,"comment_status":"open","ping_status":"closed","sticky":false,"template":"","format":"standard","meta":{"footnotes":""},"categories":[7],"tags":[],"class_list":["post-35036","post","type-post","status-publish","format-standard","hentry","category-atacama"],"_links":{"self":[{"href":"https:\/\/www.radioamigavallenar.cl\/index.php?rest_route=\/wp\/v2\/posts\/35036","targetHints":{"allow":["GET"]}}],"collection":[{"href":"https:\/\/www.radioamigavallenar.cl\/index.php?rest_route=\/wp\/v2\/posts"}],"about":[{"href":"https:\/\/www.radioamigavallenar.cl\/index.php?rest_route=\/wp\/v2\/types\/post"}],"author":[{"embeddable":true,"href":"https:\/\/www.radioamigavallenar.cl\/index.php?rest_route=\/wp\/v2\/users\/2"}],"replies":[{"embeddable":true,"href":"https:\/\/www.radioamigavallenar.cl\/index.php?rest_route=%2Fwp%2Fv2%2Fcomments&post=35036"}],"version-history":[{"count":1,"href":"https:\/\/www.radioamigavallenar.cl\/index.php?rest_route=\/wp\/v2\/posts\/35036\/revisions"}],"predecessor-version":[{"id":35038,"href":"https:\/\/www.radioamigavallenar.cl\/index.php?rest_route=\/wp\/v2\/posts\/35036\/revisions\/35038"}],"wp:attachment":[{"href":"https:\/\/www.radioamigavallenar.cl\/index.php?rest_route=%2Fwp%2Fv2%2Fmedia&parent=35036"}],"wp:term":[{"taxonomy":"category","embeddable":true,"href":"https:\/\/www.radioamigavallenar.cl\/index.php?rest_route=%2Fwp%2Fv2%2Fcategories&post=35036"},{"taxonomy":"post_tag","embeddable":true,"href":"https:\/\/www.radioamigavallenar.cl\/index.php?rest_route=%2Fwp%2Fv2%2Ftags&post=35036"}],"curies":[{"name":"wp","href":"https:\/\/api.w.org\/{rel}","templated":true}]}}